{"id":139349,"date":"2022-01-24T11:42:06","date_gmt":"2022-01-24T16:42:06","guid":{"rendered":"https:\/\/linitiative.ca\/International\/malgre-une-hausse-de-ses-capitaux-propres-281-la-magzi-ne-peut-acceder-au-marche-financier-pour-lever-des-fonds\/"},"modified":"2022-01-24T11:42:06","modified_gmt":"2022-01-24T16:42:06","slug":"malgre-une-hausse-de-ses-capitaux-propres-281-la-magzi-ne-peut-acceder-au-marche-financier-pour-lever-des-fonds","status":"publish","type":"post","link":"https:\/\/linitiative.ca\/International\/malgre-une-hausse-de-ses-capitaux-propres-281-la-magzi-ne-peut-acceder-au-marche-financier-pour-lever-des-fonds\/","title":{"rendered":"Malgr\u00e9 une hausse de ses capitaux propres (+281%), la Magzi ne peut acc\u00e9der au march\u00e9 financier pour lever des fonds"},"content":{"rendered":"<div>\n<p>Une manne financi\u00e8re pour la Magzi en 2020. Un peu plus de 20 milliards de FCFA tombent dans l\u2019escarcelle du gestionnaire public des zones industrielles au Cameroun. Bamenda (pr\u00e8s de 5,5 milliards de FCFA), Omb\u00e9 (pr\u00e8s de 13,5 milliards de FCFA) et Nomayos (pr\u00e8s de 3 milliards de FCFA) font d\u00e9sormais partie de son patrimoine. C\u2019est \u00e0 la faveur de l\u2019application de l\u2019article 12, alin\u00e9a 3, du d\u00e9cret du 24 avril 2019 portant approbation des statuts de la Magzi SA. Du fait de ces nouvelles inscriptions fonci\u00e8res, en 2020, la Magzi a vu ses capitaux propres augmenter de 281,26% par rapport \u00e0 l\u2019exercice 2019. Selon le rapport de la CTR, \u00ab\u00a0cette augmentation se justifie en grande partie par la comptabilisation de la subvention d\u2019investissement en contrepartie de la valeur des terrains inscrits au bilan, et par les op\u00e9rations de liquidation de la situation nette de la Magzi\u00a0\u00bb.<\/p>\n<p><strong>Lire aussi : <a href=\"https:\/\/ecomatin.net\/la-magzi-affiche-un-chiffre-daffaires-de-34-milliards-209-en-2020\/\">La Magzi affiche un chiffre d\u2019affaires de 34 milliards (+209%) en 2020<\/a><\/strong><\/p>\n<p>\u00ab\u00a0Par ailleurs, peut-on lire dans ledit document, les \u00e9l\u00e9ments du report \u00e0 nouveau, ant\u00e9rieurs \u00e0 la transformation de la Magzi en soci\u00e9t\u00e9 \u00e0 capital public (SCP) ont \u00e9t\u00e9 reclass\u00e9s dans les ressources stables de cette structure au poste autres dettes.\u00a0\u00bb Ce qui a pour r\u00e9sultat l\u2019augmentation de 67,86% de rubrique autres dettes par rapport \u00e0 l\u2019exercice 2019.<\/p>\n<p>La CTR r\u00e9v\u00e8le \u00e9galement que les charges d\u2019exploitation de la Magzi, notamment celles li\u00e9es au personnel (environ 31%), entra\u00eenent un r\u00e9sultat net d\u00e9ficitaire. Ce, malgr\u00e9 un chiffre d\u2019affaires (CA) en constante augmentation. Pour autant, l\u2019augmentation des loyers a am\u00e9lior\u00e9 ce r\u00e9sultat de 84% par rapport \u00e0 l\u2019exercice 2019.<\/p>\n<p><strong>March\u00e9 financier<\/strong><\/p>\n<p>Entre 2013 et 2019, les financements du contrat plan dont a b\u00e9n\u00e9fici\u00e9 la Magzi visaient le redressement \u00e9conomique et financier de la structure et \u00e0 la rendre l\u2019entreprise plus performante. La lib\u00e9ration de 20 hectares de terrain \u00e0 Bassa et 40 autres \u00e0 Bonaberi ainsi que l\u2019entr\u00e9e en facturation de nouveaux clients ont accru son CA de 14,36% par rapport a 2019.<\/p>\n<p><strong>Lire aussi : <a href=\"https:\/\/ecomatin.net\/zones-industrielles-la-magzi-impuissante-face-aux-occupants-illegaux-de-nsam-et-mvan\/\">Zones industrielles : la Magzi impuissante face aux occupants ill\u00e9gaux de Nsam et Mvan<\/a><\/strong><\/p>\n<p>\u00ab\u00a0Ces r\u00e9sultats restent cependant insuffisants pour garantir \u00e0 la Magzi l\u2019acc\u00e8s au march\u00e9 financier\u00a0\u00bb, note en substance la CTR. Pour cette derni\u00e8re, \u00ab\u00a0le salut pourrait alors venir de la mise en \u0153uvre de son plan national de d\u00e9veloppement des zones industrielles. Ce plan permettrait \u00e0 la Magzi de solliciter des appuis financiers autres que ceux de l\u2019Etat d\u2019une part, et se constituer une r\u00e9serve fonci\u00e8re afin de satisfaire la demande sans cesse croissante, d\u2019autre part.\u00a0\u00bb<\/p>\n<p><strong>Lire aussi : <a href=\"https:\/\/ecomatin.net\/magzi-le-poids-des-zones-industrielles-dans-leconomie\/\">Magzi : le poids des zones industrielles dans l\u2019\u00e9conomie<\/a><\/strong><\/p>\n<p>Pour rappel, c\u2019est dans le cadre de la mise en \u0153uvre de sa politique de promotion industrielle que l\u2019Etat du Cameroun a confi\u00e9 \u00e0 la Magzi la mission de \u00ab\u00a0mettre \u00e0 la disposition des op\u00e9rateurs \u00e9conomiques, tant nationaux qu\u2019\u00e9trangers, sous forme de bail et dans des meilleures conditions de s\u00e9curit\u00e9 fonci\u00e8re, des terrains am\u00e9nag\u00e9s et \u00e9quip\u00e9s, n\u00e9cessaires \u00e0 l\u2019exercice de leurs activit\u00e9s\u00a0\u00bb. Pour dresser une cartographie des zones industrielles du Cameroun, la Magzi, \u00e0 travers un financement du minist\u00e8re de l\u2019Economie, du Plan et de l\u2019Am\u00e9nagement de territoire (Minepat), a recrut\u00e9 en 2021 un cabinet pour la r\u00e9alisation de l\u2019\u00e9tude relative \u00e0 l\u2019\u00e9laboration du programme national d\u2019am\u00e9nagement et de d\u00e9veloppement des zones industrielles du Cameroun.<\/p>\n<p>L\u2019article <a rel=\"nofollow\" href=\"https:\/\/ecomatin.net\/malgre-une-hausse-de-ses-capitaux-propres-s-281-la-magzi-ne-peut-acceder-au-marche-financier-pour-lever-des-fonds\/\">Malgr\u00e9 une hausse de ses capitaux propres (+281%), la Magzi ne peut acc\u00e9der au march\u00e9 financier pour lever des fonds<\/a> est apparu en premier sur <a rel=\"nofollow\" href=\"https:\/\/ecomatin.net\/\">EcoMatin<\/a>.<\/p>\n<\/div>\n<p>Auteur: Bernard Bangda<br \/>\n<a href=\"https:\/\/ecomatin.net\/malgre-une-hausse-de-ses-capitaux-propres-s-281-la-magzi-ne-peut-acceder-au-marche-financier-pour-lever-des-fonds\/\">Cliquez ici pour lire l&rsquo;article depuis sa source.<\/a><\/p>\n","protected":false},"excerpt":{"rendered":"<p>Une manne financi\u00e8re pour la Magzi en 2020. Un peu plus de 20 milliards de FCFA tombent dans l\u2019escarcelle du gestionnaire public des zones industrielles au Cameroun. Bamenda (pr\u00e8s de 5,5 milliards de FCFA), Omb\u00e9 (pr\u00e8s de 13,5 milliards de FCFA) et Nomayos (pr\u00e8s de 3 milliards de FCFA) font d\u00e9sormais partie de son patrimoine. [&hellip;]<\/p>\n","protected":false},"author":1969,"featured_media":0,"comment_status":"closed","ping_status":"closed","sticky":false,"template":"","format":"standard","meta":{"fifu_image_url":"","fifu_image_alt":"","footnotes":""},"categories":[82,78],"tags":[],"class_list":["post-139349","post","type-post","status-publish","format-standard","hentry","category-cameroun","category-economie"],"_links":{"self":[{"href":"https:\/\/linitiative.ca\/International\/wp-json\/wp\/v2\/posts\/139349","targetHints":{"allow":["GET"]}}],"collection":[{"href":"https:\/\/linitiative.ca\/International\/wp-json\/wp\/v2\/posts"}],"about":[{"href":"https:\/\/linitiative.ca\/International\/wp-json\/wp\/v2\/types\/post"}],"author":[{"embeddable":true,"href":"https:\/\/linitiative.ca\/International\/wp-json\/wp\/v2\/users\/1969"}],"replies":[{"embeddable":true,"href":"https:\/\/linitiative.ca\/International\/wp-json\/wp\/v2\/comments?post=139349"}],"version-history":[{"count":0,"href":"https:\/\/linitiative.ca\/International\/wp-json\/wp\/v2\/posts\/139349\/revisions"}],"wp:attachment":[{"href":"https:\/\/linitiative.ca\/International\/wp-json\/wp\/v2\/media?parent=139349"}],"wp:term":[{"taxonomy":"category","embeddable":true,"href":"https:\/\/linitiative.ca\/International\/wp-json\/wp\/v2\/categories?post=139349"},{"taxonomy":"post_tag","embeddable":true,"href":"https:\/\/linitiative.ca\/International\/wp-json\/wp\/v2\/tags?post=139349"}],"curies":[{"name":"wp","href":"https:\/\/api.w.org\/{rel}","templated":true}]}}