{"id":139351,"date":"2022-01-24T14:05:42","date_gmt":"2022-01-24T19:05:42","guid":{"rendered":"https:\/\/linitiative.ca\/International\/industrialisation-la-societe-stbm-veut-creer-une-unite-de-transformation-de-bois-dans-la-region-du-sud\/"},"modified":"2022-01-24T14:05:42","modified_gmt":"2022-01-24T19:05:42","slug":"industrialisation-la-societe-stbm-veut-creer-une-unite-de-transformation-de-bois-dans-la-region-du-sud","status":"publish","type":"post","link":"https:\/\/linitiative.ca\/International\/industrialisation-la-societe-stbm-veut-creer-une-unite-de-transformation-de-bois-dans-la-region-du-sud\/","title":{"rendered":"Industrialisation : la soci\u00e9t\u00e9 Stbm veut cr\u00e9er une unit\u00e9 de transformation de bois dans la r\u00e9gion du Sud"},"content":{"rendered":"<div>\n<p>La Soci\u00e9t\u00e9 de Transformation de Bois de Mb\u00e9b\u00e9 (Stbm) envisage tr\u00e8s prochainement \u00a0mettre sur pied une unit\u00e9 de transformation de bois \u00e0 Mb\u00e9b\u00e9 dans l\u2019arrondissement de Lokoundje, d\u00e9partement de l\u2019Oc\u00e9an r\u00e9gion du Sud.<\/p>\n<p>C\u2019est \u00e0\u00a0 cet effet, que le ministre d\u00e9l\u00e9gu\u00e9 aupr\u00e8s du minist\u00e8re de l\u2019Environnement, de la Protection de la Nature et du D\u00e9veloppement Durable \u00a0Nana Aboubakar Djalloh a rendu public un communiqu\u00e9, dans lequel il informe l\u2019opinion publique de la \u00ab\u00a0tenue des audiences publiques relatives \u00e0 l\u2019\u00e9tude d\u2019impact environnemental et social d\u00e9taill\u00e9e du projet de cr\u00e9ation d\u2019une unit\u00e9 de transformation de bois\u2026\u00bb. Audiences qui porteront pour l\u2019essentielles sur les rapports de l\u2019\u00e9tude environnementale du projet, et se tiendront du 7 au 12 f\u00e9vrier 2022. Elles visent \u00a0globalement \u00e0 \u00ab\u00a0recueillir les observations du public sur ladite \u00e9tude\u00a0\u00bb, \u00e9crit \u00a0Nana Aboubakar Djalloh. \u00a0<\/p>\n<p><strong>Lire aussi<\/strong> : <strong><a href=\"https:\/\/ecomatin.net\/loi-de-finance-2022-le-cameroun-veut-porter-a-50-la-taxe-sur-lexportation-n-du-bois-sous-forme-de-grumes\/\">Loi de finances 2022 : le Cameroun veut porter \u00e0 50% la taxe sur l\u2019exportation du bois sous forme de grumes<\/a><\/strong><\/p>\n<p>En effet, la transformation des produits forestiers \u00ab\u00a0est l\u2019un des axes strat\u00e9giques majeurs de la valorisation de nos mati\u00e8res premi\u00e8res, encore export\u00e9es \u00e0 l\u2019\u00e9tat brut\u00bb, expliquait Gabriel Dodo Ndoke ministre des Mines, de l\u2019Industrie et du D\u00e9veloppement technologique (Minmidt), \u00a0le 9 mai 2019 lors \u00a0une mission de sensibilisation dans le cadre de la mise en \u0153uvre effective du projet du Complexe industriel int\u00e9gr\u00e9 de transformation du bois (Ciblo). \u00a0Un secteur donc \u00e0 fort potentiel. Selon l\u2019Institut national de la statistique (INS), le Cameroun a export\u00e9 pour\u00a074,9 milliards de bois en grume en 2020, soit 4% de la valeur globale des exportations. \u00a0<\/p>\n<p><strong>Lire aussi<\/strong> : <strong><a href=\"https:\/\/ecomatin.net\/exportations-de-bois-quand-lillegalite-prend-corps\/\">Exportations de bois : quand l\u2019ill\u00e9galit\u00e9 prend corps<\/a><\/strong><\/p>\n<p>Pour m\u00e9moire, la Soci\u00e9t\u00e9 de Transformation de Bois de Mb\u00e9b\u00e9 de par la diversit\u00e9 de ses produits (Grumes\u00a0; Placage\u00a0d\u00e9roul\u00e9\u00a0; Placage tranch\u00e9\u00a0; Contreplaqu\u00e9\u00a0; Bois d\u00e9bit\u00e9) et sa capacit\u00e9 de production annuelle\u00a0d\u2019environ 100 000 m<sup>3<\/sup><em>,<\/em>\u00a0elle l\u2019une des plus grandes structures dans la transformation du bois au Cameroun et dans la sous-r\u00e9gion Afrique centrale. Ces produits sont commercialis\u00e9s en Afrique, Europe, Asie, Am\u00e9rique.<\/p>\n<p><strong>Lire aussi<\/strong> : <strong><a href=\"https:\/\/ecomatin.net\/exploitation-illegale-des-forets-plus-de-5000-m3-de-bois-saisis-dans-le-littoral-en-2019\/\" target=\"_blank\" rel=\"noreferrer noopener\">Exploitation ill\u00e9gale des for\u00eats : plus de 5000 m3 de bois saisis dans le littoral en 2019<\/a><\/strong><\/p>\n<p>L\u2019article <a rel=\"nofollow\" href=\"https:\/\/ecomatin.net\/industrialisation-la-societe-stbm-veut-creer-une-unite-de-transformation-de-bois-dans-la-region-du-sud\/\">Industrialisation : la soci\u00e9t\u00e9 Stbm veut cr\u00e9er une unit\u00e9 de transformation de bois dans la r\u00e9gion du Sud<\/a> est apparu en premier sur <a rel=\"nofollow\" href=\"https:\/\/ecomatin.net\/\">EcoMatin<\/a>.<\/p>\n<\/div>\n<p>Auteur: Amina MALLOUM<br \/>\n<a href=\"https:\/\/ecomatin.net\/industrialisation-la-societe-stbm-veut-creer-une-unite-de-transformation-de-bois-dans-la-region-du-sud\/\">Cliquez ici pour lire l&rsquo;article depuis sa source.<\/a><\/p>\n","protected":false},"excerpt":{"rendered":"<p>La Soci\u00e9t\u00e9 de Transformation de Bois de Mb\u00e9b\u00e9 (Stbm) envisage tr\u00e8s prochainement \u00a0mettre sur pied une unit\u00e9 de transformation de bois \u00e0 Mb\u00e9b\u00e9 dans l\u2019arrondissement de Lokoundje, d\u00e9partement de l\u2019Oc\u00e9an r\u00e9gion du Sud. C\u2019est \u00e0\u00a0 cet effet, que le ministre d\u00e9l\u00e9gu\u00e9 aupr\u00e8s du minist\u00e8re de l\u2019Environnement, de la Protection de la Nature et du D\u00e9veloppement [&hellip;]<\/p>\n","protected":false},"author":1969,"featured_media":0,"comment_status":"closed","ping_status":"closed","sticky":false,"template":"","format":"standard","meta":{"fifu_image_url":"","fifu_image_alt":"","footnotes":""},"categories":[82,78],"tags":[],"class_list":["post-139351","post","type-post","status-publish","format-standard","hentry","category-cameroun","category-economie"],"_links":{"self":[{"href":"https:\/\/linitiative.ca\/International\/wp-json\/wp\/v2\/posts\/139351","targetHints":{"allow":["GET"]}}],"collection":[{"href":"https:\/\/linitiative.ca\/International\/wp-json\/wp\/v2\/posts"}],"about":[{"href":"https:\/\/linitiative.ca\/International\/wp-json\/wp\/v2\/types\/post"}],"author":[{"embeddable":true,"href":"https:\/\/linitiative.ca\/International\/wp-json\/wp\/v2\/users\/1969"}],"replies":[{"embeddable":true,"href":"https:\/\/linitiative.ca\/International\/wp-json\/wp\/v2\/comments?post=139351"}],"version-history":[{"count":0,"href":"https:\/\/linitiative.ca\/International\/wp-json\/wp\/v2\/posts\/139351\/revisions"}],"wp:attachment":[{"href":"https:\/\/linitiative.ca\/International\/wp-json\/wp\/v2\/media?parent=139351"}],"wp:term":[{"taxonomy":"category","embeddable":true,"href":"https:\/\/linitiative.ca\/International\/wp-json\/wp\/v2\/categories?post=139351"},{"taxonomy":"post_tag","embeddable":true,"href":"https:\/\/linitiative.ca\/International\/wp-json\/wp\/v2\/tags?post=139351"}],"curies":[{"name":"wp","href":"https:\/\/api.w.org\/{rel}","templated":true}]}}