{"id":139357,"date":"2022-01-25T09:45:51","date_gmt":"2022-01-25T14:45:51","guid":{"rendered":"https:\/\/linitiative.ca\/International\/plus-de-541-000-beneficiaires-des-programmes-de-la-fondation-zakoura\/"},"modified":"2022-01-25T09:45:51","modified_gmt":"2022-01-25T14:45:51","slug":"plus-de-541-000-beneficiaires-des-programmes-de-la-fondation-zakoura","status":"publish","type":"post","link":"https:\/\/linitiative.ca\/International\/plus-de-541-000-beneficiaires-des-programmes-de-la-fondation-zakoura\/","title":{"rendered":"Plus de 541.000 b\u00e9n\u00e9ficiaires des programmes de la Fondation Zakoura"},"content":{"rendered":"<div>\n<p><img loading=\"lazy\" decoding=\"async\" width=\"300\" height=\"153\" src=\"https:\/\/linitiative.ca\/International\/wp-content\/uploads\/sites\/23\/2022\/01\/FondationZakoura_ANEER_Preschool_2-300x153-1.jpg\" class=\"attachment-medium size-medium wp-post-image\" alt=\"\" srcset=\"https:\/\/linitiative.ca\/International\/wp-content\/uploads\/sites\/23\/2022\/01\/FondationZakoura_ANEER_Preschool_2-300x153-1.jpg 300w, https:\/\/aujourdhui.ma\/wp-content\/uploads\/2022\/01\/FondationZakoura_ANEER_Preschool_2-274x140.jpg 274w, https:\/\/aujourdhui.ma\/wp-content\/uploads\/2022\/01\/FondationZakoura_ANEER_Preschool_2.jpg 746w, https:\/\/aujourdhui.ma\/wp-content\/uploads\/2022\/01\/FondationZakoura_ANEER_Preschool_2-165x84.jpg 165w, https:\/\/aujourdhui.ma\/wp-content\/uploads\/2022\/01\/FondationZakoura_ANEER_Preschool_2-702x358.jpg 702w\" sizes=\"auto, (max-width: 300px) 100vw, 300px\"><\/p>\n<p><span style=\"font-size: 20px; color: #800000;\"><strong>Elle f\u00eate ses 25 ans lors de la journ\u00e9e internationale de l\u2019\u00e9ducation<\/strong><\/span><br \/>\n<span id=\"more-398207\"><\/span><\/p>\n<p>La Fondation Zakoura a choisi de c\u00e9l\u00e9brer ses 25 ans ce 24 janvier \u00e0 l\u2019occasion de la journ\u00e9e internationale de l\u2019\u00e9ducation. Depuis sa cr\u00e9ation jusqu\u2019\u00e0 fin d\u00e9cembre 2021, plus de 541.000 personnes ont be\u0301ne\u0301ficie\u0301 directement des programmes de la Fondation, dont 425.000 enfants. Durant ses 25 ann\u00e9es d\u2019existence, plus de 1.430 \u00e9coles ont \u00e9t\u00e9 cr\u00e9\u00e9es. La Fondation intervient sur toute la chai\u0302ne de valeur e\u0301ducative : l\u2019e\u0301ducation de\u0300s 4 ans; l\u2019employabilite\u0301 et l\u2019entrepreneuriat social ; l\u2019empowerment a\u0300 travers des programmes de formation et d\u2019insertion ainsi que le renforcement de l\u2019e\u0301cosyste\u0300me de la Fondation.<\/p>\n<p>Celle-ci contribue a\u0300 la ge\u0301ne\u0301ralisation du pre\u0301scolaire a\u0300 travers son partenariat avec l\u2019Initiative nationale pour le de\u0301veloppement humain qui a de\u0301ja\u0300 permis a\u0300 plusieurs milliers d\u2019enfants de be\u0301ne\u0301ficier de cette e\u0301tape essentielle pour leur de\u0301veloppement. En 2021, ce partenariat a permis la cre\u0301ation de 539 e\u0301coles pre\u0301scolaires sur 7 re\u0301gions et 14 provinces. La Fondation comptait en 2021 plus de 880 e\u0301coles de pre\u0301scolaire ope\u0301rationnelles au profit de plus de 18.500 enfants. Ce bilan, cumule\u0301 a\u0300 celui des anne\u0301es pre\u0301ce\u0301dentes, porte a\u0300 1.012 le nombre total d\u2019e\u0301coles pre\u0301scolaires cre\u0301e\u0301es au profit de plus de 38.000 enfants a\u0300 fin 2021. Par ailleurs, plus de 6.400 parents ont be\u0301ne\u0301ficie\u0301 du programme d\u2019e\u0301ducation parentale adosse\u0301 a\u0300 celui du pre\u0301scolaire.<\/p>\n<p><img loading=\"lazy\" decoding=\"async\" class=\"aligncenter size-full wp-image-398208\" src=\"https:\/\/linitiative.ca\/International\/wp-content\/uploads\/sites\/23\/2022\/01\/FondationZakoura.jpg\" alt=\"\" width=\"746\" height=\"380\" srcset=\"https:\/\/linitiative.ca\/International\/wp-content\/uploads\/sites\/23\/2022\/01\/FondationZakoura.jpg 746w, https:\/\/aujourdhui.ma\/wp-content\/uploads\/2022\/01\/FondationZakoura-300x153.jpg 300w, https:\/\/aujourdhui.ma\/wp-content\/uploads\/2022\/01\/FondationZakoura-274x140.jpg 274w, https:\/\/aujourdhui.ma\/wp-content\/uploads\/2022\/01\/FondationZakoura-165x84.jpg 165w, https:\/\/aujourdhui.ma\/wp-content\/uploads\/2022\/01\/FondationZakoura-702x358.jpg 702w\" sizes=\"auto, (max-width: 746px) 100vw, 746px\"><\/p>\n<p><strong><span style=\"color: #ff0000;\">Lutte contre le d\u00e9crochage scolaire<\/span> <\/strong><\/p>\n<p>La lutte contre la de\u0301perdition scolaire constitue depuis plusieurs ann\u00e9es un des objectifs majeurs de la Fondation. Plus de 8.400 e\u0301le\u0300ves de l\u2019e\u0301cole publique et enfants SOS Villages d\u2019Enfants ont ainsi be\u0301ne\u0301ficie\u0301 de reme\u0301diation scolaire. Aujourd\u2019hui, aux co\u0302te\u0301s des Directions provinciales de l\u2019e\u0301ducation et des provinces de Chefchaouen, Tiznit, Essaouira, Sidi Kacem et Moulay Rachid, la Fondation s\u2019engage a\u0300 l\u2019ame\u0301lioration des apprentissages des e\u0301le\u0300ves et la lutte contre le de\u0301crochage scolaire dans le cadre du programme 4 de l\u2019INDH, Axe \u00abAppui scolaire et lutte contre le de\u0301crochage scolaire\u00bb. Ce partenariat va be\u0301ne\u0301ficier a\u0300 plus de 21.000 enfants sur 86 sites durant les 3 prochaines anne\u0301es. A travers ce programme e\u0301ducatif de proximite\u0301, la Fondation vise a\u0300 encourager un plus grand nombre d\u2019enfants, et plus particuli\u00e8rement les filles, a\u0300 poursuivre leur scolarite\u0301 au-dela\u0300 du primaire et ainsi leur garantir un avenir meilleur.<\/p>\n<p><span style=\"color: #ff0000;\"><strong>Entrepreneuriat social et empowerment<\/strong><\/span><\/p>\n<p>La Fondation poursuit son engagement pour l\u2019entrepreneuriat social, l\u2019employabilite\u0301 et l\u2019empowerment des jeunes et des femmes. Depuis sa cre\u0301ation, plus de 9.600 jeunes ont be\u0301ne\u0301ficie\u0301 directement des programmes d\u2019employabilite\u0301 et d\u2019auto-entrepreneuriat. Notons qu\u2019en 2021, la Fondation a notamment renforce\u0301 son soutien a\u0300 l\u2019entrepreneuriat dans le cadre d\u2019un partenariat avec la pre\u0301fecture des arrondissements Casablanca-Anfa visant la mise en \u0153uvre du programme re\u0301gional d\u2019appui au de\u0301veloppement de l\u2019entrepreneuriat chez les jeunes. Par ailleurs, la Fondation va aussi contribuer a\u0300 appuyer l\u2019entrepreneuriat fe\u0301minin en milieu rural et soutenir la sante\u0301 de la femme et de l\u2019enfant dans le cadre d\u2019un projet inte\u0301gre\u0301 de\u0301veloppe\u0301 en partenariat avec l\u2019INDH et la province de Sidi Kacem. Plusieurs objectifs sont pr\u00e9vus \u00e0 travers ce projet, \u00e0 savoir la cr\u00e9ation d\u2019une cellule d\u2019e\u0301coute et d\u2019appui psycho-social, des se\u0301ances de sensibilisation autour de la sante\u0301 de la femme et de l\u2019enfant, formation et renforcement de capacite\u0301s en entrepreneuriat de 200 filles et femmes et l\u2019appui a\u0300 la cre\u0301ation de 50 projets locaux. En 2021, la Fondation a aussi de\u0301veloppe\u0301, en partenariat avec l\u2019Organisation internationale pour les migrations (OIM), Regional Development and Protection Program for North Africa et l\u2019Union europe\u0301enne, un projet de soutien aux migrants a\u0300 travers le renforcement de capacite\u0301s des structures de cre\u0300ches et des classes pre\u0301scolaires existantes coge\u0301re\u0301es par des organisations de la socie\u0301te\u0301 civile dans les re\u0301gions de Casablanca-Settat et Rabat-Sale\u0301-Ke\u0301nitra.<\/p>\n<\/div>\n<p>Auteur: ALM<br \/>\n<a href=\"https:\/\/aujourdhui.ma\/societe\/plus-de-541-000-beneficiaires-des-programmes-de-la-fondation-zakoura\">Cliquez ici pour lire l&rsquo;article depuis sa source.<\/a><\/p>\n","protected":false},"excerpt":{"rendered":"<p>Elle f\u00eate ses 25 ans lors de la journ\u00e9e internationale de l\u2019\u00e9ducation La Fondation Zakoura a choisi de c\u00e9l\u00e9brer ses 25 ans ce 24 janvier \u00e0 l\u2019occasion de la journ\u00e9e internationale de l\u2019\u00e9ducation. Depuis sa cr\u00e9ation jusqu\u2019\u00e0 fin d\u00e9cembre 2021, plus de 541.000 personnes ont be\u0301ne\u0301ficie\u0301 directement des programmes de la Fondation, dont 425.000 enfants. [&hellip;]<\/p>\n","protected":false},"author":1759,"featured_media":0,"comment_status":"closed","ping_status":"closed","sticky":false,"template":"","format":"standard","meta":{"fifu_image_url":"https:\/\/aujourdhui.ma\/wp-content\/uploads\/2022\/01\/FondationZakoura_ANEER_Preschool_2-300x153.jpg","fifu_image_alt":"Plus de 541.000 b\u00e9n\u00e9ficiaires des programmes de la Fondation Zakoura","footnotes":""},"categories":[73,54],"tags":[],"class_list":["post-139357","post","type-post","status-publish","format-standard","hentry","category-actualite","category-maroc"],"_links":{"self":[{"href":"https:\/\/linitiative.ca\/International\/wp-json\/wp\/v2\/posts\/139357","targetHints":{"allow":["GET"]}}],"collection":[{"href":"https:\/\/linitiative.ca\/International\/wp-json\/wp\/v2\/posts"}],"about":[{"href":"https:\/\/linitiative.ca\/International\/wp-json\/wp\/v2\/types\/post"}],"author":[{"embeddable":true,"href":"https:\/\/linitiative.ca\/International\/wp-json\/wp\/v2\/users\/1759"}],"replies":[{"embeddable":true,"href":"https:\/\/linitiative.ca\/International\/wp-json\/wp\/v2\/comments?post=139357"}],"version-history":[{"count":0,"href":"https:\/\/linitiative.ca\/International\/wp-json\/wp\/v2\/posts\/139357\/revisions"}],"wp:attachment":[{"href":"https:\/\/linitiative.ca\/International\/wp-json\/wp\/v2\/media?parent=139357"}],"wp:term":[{"taxonomy":"category","embeddable":true,"href":"https:\/\/linitiative.ca\/International\/wp-json\/wp\/v2\/categories?post=139357"},{"taxonomy":"post_tag","embeddable":true,"href":"https:\/\/linitiative.ca\/International\/wp-json\/wp\/v2\/tags?post=139357"}],"curies":[{"name":"wp","href":"https:\/\/api.w.org\/{rel}","templated":true}]}}