{"id":139360,"date":"2022-01-25T10:17:58","date_gmt":"2022-01-25T15:17:58","guid":{"rendered":"https:\/\/linitiative.ca\/International\/parution-de-mon-maroc-un-livre-hommage-aux-operateurs-du-tourisme\/"},"modified":"2022-01-25T10:17:58","modified_gmt":"2022-01-25T15:17:58","slug":"parution-de-mon-maroc-un-livre-hommage-aux-operateurs-du-tourisme","status":"publish","type":"post","link":"https:\/\/linitiative.ca\/International\/parution-de-mon-maroc-un-livre-hommage-aux-operateurs-du-tourisme\/","title":{"rendered":"Parution de \u00ab\u00a0Mon Maroc\u00a0\u00bb, un livre hommage aux op\u00e9rateurs du tourisme"},"content":{"rendered":"<div>\n<p><img loading=\"lazy\" decoding=\"async\" width=\"300\" height=\"153\" src=\"https:\/\/linitiative.ca\/International\/wp-content\/uploads\/sites\/23\/2022\/01\/mon-maroc-mon-amour-300x153-1.jpg\" class=\"attachment-medium size-medium wp-post-image\" alt=\"\" srcset=\"https:\/\/linitiative.ca\/International\/wp-content\/uploads\/sites\/23\/2022\/01\/mon-maroc-mon-amour-300x153-1.jpg 300w, https:\/\/aujourdhui.ma\/wp-content\/uploads\/2022\/01\/mon-maroc-mon-amour-274x140.jpg 274w, https:\/\/aujourdhui.ma\/wp-content\/uploads\/2022\/01\/mon-maroc-mon-amour.jpg 746w, https:\/\/aujourdhui.ma\/wp-content\/uploads\/2022\/01\/mon-maroc-mon-amour-165x84.jpg 165w, https:\/\/aujourdhui.ma\/wp-content\/uploads\/2022\/01\/mon-maroc-mon-amour-702x358.jpg 702w\" sizes=\"auto, (max-width: 300px) 100vw, 300px\"><\/p>\n<p><strong>\u00ab\u00a0Mon Maroc\u00a0\u00bb est le titre d\u2019un bel ouvrage que vient de publier la journaliste et essayiste Ahlam Jebbar chez Premi\u00e8re Ligne Edition, avec en ligne de mire un hommage appuy\u00e9 aux op\u00e9rateurs du tourisme.<\/strong><span id=\"more-398270\"><\/span><\/p>\n<p>\u00ab\u00a0Ce livre arrive \u00e0 un moment o\u00f9 les op\u00e9rateurs du tourisme marocain traversent une p\u00e9riode sans pr\u00e9c\u00e9dent, particuli\u00e8rement \u00e9prouvante pour ne pas dire dramatique pour certains\u00a0\u00bb, explique dans un communiqu\u00e9 Mme Jebbar, directrice du journal sp\u00e9cialis\u00e9 en ligne Tourisma Post.<\/p>\n<p>Mme Jebbar, \u00e9galement auteur du beau livre \u00e0 succ\u00e8s \u00ab\u00a0Ce Maroc que l\u2019on aime\u00a0\u00bb, pr\u00e9cise que pour avoir le privil\u00e8ge de c\u00f4toyer ces professionnels au quotidien, \u00ab\u00a0j\u2019ai une grande admiration pour leur dignit\u00e9 dans cette \u00e9preuve. Ils ont beaucoup donn\u00e9 pour le pays et ce n\u2019est qu\u2019une infime reconnaissance que de leur d\u00e9dier ce livre aujourd\u2019hui\u00a0\u00bb.<\/p>\n<p>Cet opus de 240 pages, qui met exergue une profession qui traverse, en ce moment m\u00eame, la pire \u00e9preuve de son histoire, se veut un carnet de voyage revisit\u00e9 dans les d\u00e9dales harmonieuses d\u2019une destination d\u2019exception \u00e0 travers ses atouts, sa culture, mais aussi ses femmes et ses hommes qui \u0153uvrent au quotidien, chacun \u00e0 son niveau pour porter l\u2019image de tout un pays en cr\u00e9ant cette atmosph\u00e8re magique et unique dont les touristes sont en qu\u00eate permanente.<\/p>\n<\/div>\n<p>Auteur: ALM<br \/>\n<a href=\"https:\/\/aujourdhui.ma\/actualite\/parution-de-mon-maroc-un-livre-hommage-aux-operateurs-du-tourisme\">Cliquez ici pour lire l&rsquo;article depuis sa source.<\/a><\/p>\n","protected":false},"excerpt":{"rendered":"<p>\u00ab\u00a0Mon Maroc\u00a0\u00bb est le titre d\u2019un bel ouvrage que vient de publier la journaliste et essayiste Ahlam Jebbar chez Premi\u00e8re Ligne Edition, avec en ligne de mire un hommage appuy\u00e9 aux op\u00e9rateurs du tourisme. \u00ab\u00a0Ce livre arrive \u00e0 un moment o\u00f9 les op\u00e9rateurs du tourisme marocain traversent une p\u00e9riode sans pr\u00e9c\u00e9dent, particuli\u00e8rement \u00e9prouvante pour ne [&hellip;]<\/p>\n","protected":false},"author":1759,"featured_media":0,"comment_status":"closed","ping_status":"closed","sticky":false,"template":"","format":"standard","meta":{"fifu_image_url":"https:\/\/aujourdhui.ma\/wp-content\/uploads\/2022\/01\/mon-maroc-mon-amour-300x153.jpg","fifu_image_alt":"Parution de \u00ab\u00a0Mon Maroc\u00a0\u00bb, un livre hommage aux op\u00e9rateurs du tourisme","footnotes":""},"categories":[73,54],"tags":[],"class_list":["post-139360","post","type-post","status-publish","format-standard","hentry","category-actualite","category-maroc"],"_links":{"self":[{"href":"https:\/\/linitiative.ca\/International\/wp-json\/wp\/v2\/posts\/139360","targetHints":{"allow":["GET"]}}],"collection":[{"href":"https:\/\/linitiative.ca\/International\/wp-json\/wp\/v2\/posts"}],"about":[{"href":"https:\/\/linitiative.ca\/International\/wp-json\/wp\/v2\/types\/post"}],"author":[{"embeddable":true,"href":"https:\/\/linitiative.ca\/International\/wp-json\/wp\/v2\/users\/1759"}],"replies":[{"embeddable":true,"href":"https:\/\/linitiative.ca\/International\/wp-json\/wp\/v2\/comments?post=139360"}],"version-history":[{"count":0,"href":"https:\/\/linitiative.ca\/International\/wp-json\/wp\/v2\/posts\/139360\/revisions"}],"wp:attachment":[{"href":"https:\/\/linitiative.ca\/International\/wp-json\/wp\/v2\/media?parent=139360"}],"wp:term":[{"taxonomy":"category","embeddable":true,"href":"https:\/\/linitiative.ca\/International\/wp-json\/wp\/v2\/categories?post=139360"},{"taxonomy":"post_tag","embeddable":true,"href":"https:\/\/linitiative.ca\/International\/wp-json\/wp\/v2\/tags?post=139360"}],"curies":[{"name":"wp","href":"https:\/\/api.w.org\/{rel}","templated":true}]}}