{"id":139371,"date":"2022-01-24T13:00:00","date_gmt":"2022-01-24T18:00:00","guid":{"rendered":"https:\/\/linitiative.ca\/International\/ngannou-tout-puissant-champion-ufc-des-lourds-a-epuise-gane\/"},"modified":"2022-01-24T13:00:00","modified_gmt":"2022-01-24T18:00:00","slug":"ngannou-tout-puissant-champion-ufc-des-lourds-a-epuise-gane","status":"publish","type":"post","link":"https:\/\/linitiative.ca\/International\/ngannou-tout-puissant-champion-ufc-des-lourds-a-epuise-gane\/","title":{"rendered":"Ngannou, tout-puissant champion UFC des lourds, a \u00e9puis\u00e9 Gane"},"content":{"rendered":"<div>\n<p class=\"has-text-align-center has-vivid-red-color has-text-color\"><strong>Arts Martiaux Mixtes<\/strong><\/p>\n<p class=\"has-black-color has-text-color\"><strong>Patient et plus puissant, le Camerounais Francis Ngannou a montr\u00e9 qu\u2019il restait le meilleur chez les lourds en conservant son titre de champion du monde UFC aux d\u00e9pens du Fran\u00e7ais Ciryl Gane, d\u00e9\u00e7u et pas pass\u00e9 loin de l\u2019exploit, samedi \u00e0 Anaheim (Californie).<\/strong><\/p>\n<p class=\"has-black-color has-text-color\">C\u2019est au bout des cinq reprises, serr\u00e9es et pas toujours spectaculaires, que Ngannou s\u2019est impos\u00e9 sur d\u00e9cision unanime des juges (48-47, 48-47, 49-46). Il ajoute ainsi une 17e victoire \u00e0 son palmar\u00e8s (3 d\u00e9faites) et inflige \u00e0 Gane son premier revers en 11 combats.<\/p>\n<p class=\"has-black-color has-text-color\">\u00ab\u00a0Je savais qu\u2019il serait un adversaire tr\u00e8s dur. Il a \u00e9t\u00e9 tr\u00e8s bon, difficile \u00e0 g\u00e9rer, mais j\u2019ai fait ce que je devais faire, en restant calme et confiant\u00a0\u00bb, a comment\u00e9 le vainqueur, qui a d\u00fb composer avec une douleur ligamentaire \u00e0 un genou.<\/p>\n<p class=\"has-black-color has-text-color\">Annonc\u00e9 comme un des plus gros affrontements de la prestigieuse ligue mondiale d\u2019arts martiaux mixtes, ce choc entre deux combattants qui se connaissaient plut\u00f4t bien, pour \u00eatre tous deux issus de la MMA Factory, l\u2019usine \u00e0 champions sise \u00e0 Paris, n\u2019a pas tenu toutes ses promesses.<\/p>\n<p class=\"has-black-color has-text-color\">\u00ab\u00a0Je n\u2019ai certes pas mis K.O. Ciryl, mais je suis content d\u2019avoir d\u00e9\u00e7u ceux qui pensaient qu\u2019il me battrait en cinq reprises. J\u2019\u00e9tais le champion et je le reste. Le boss, c\u2019est moi\u00a0\u00bb, a r\u00e9sum\u00e9 Ngannou venu en conf\u00e9rence de presse dans un costume vert, ceinture dor\u00e9e sur l\u2019\u00e9paule, l\u2019ensemble rappelant les couleurs de son pays.<\/p>\n<p class=\"has-black-color has-text-color\">Pas d\u2019encha\u00eenements de coups assourdissants \u00e0 faire trembler le Honda Center, donc, sous les yeux de Mike Tyson, sinon cette \u00e9norme prise qui a retourn\u00e9 Gane en l\u2019air et l\u2019a plaqu\u00e9 au sol en retombant dessus de tout son poids, au 3e round \u2014 115 kg d\u2019une fureur alors retrouv\u00e9e pour le Camerounais.<br \/>Ngannou venait l\u00e0 de trouver la solution, apr\u00e8s deux reprises plut\u00f4t \u00e0 l\u2019avantage de son adversaire, plus mobile dans la cage et qui a plac\u00e9 quelques coups de pied retourn\u00e9s, dont un heurtant le cou de son adversaire, et de bons jabs.<\/p>\n<p class=\"has-black-color has-text-color\">En mode lutteur, Ngannou a ainsi plusieurs fois mis au sol le Fran\u00e7ais, usant de sa force pour l\u2019\u00e9reinter, sans pour autant le toucher violemment avec ses poings.<br \/>Gane a bien tent\u00e9 une cl\u00e9 de bras au 4e round, mais elle n\u2019a pas tenu assez longtemps. Pas plus que l\u2019autre \u00e0 la cheville dans le suivant.<\/p>\n<p class=\"has-black-color has-text-color\">Dans cette derni\u00e8re reprise, les deux combattants ont plus souvent \u00e9t\u00e9 allong\u00e9s au sol que debout. Telle une b\u00eate \u00e0 deux dos, l\u2019un s\u2019est retrouv\u00e9 sur l\u2019autre plusieurs fois \u00e0 tour de r\u00f4le, jusqu\u2019\u00e0 l\u2019\u00e9puisement de chacun et des derni\u00e8res secondes.<\/p>\n<p class=\"has-black-color has-text-color\">Au final, la puissance du \u00ab\u00a0Predator\u00a0\u00bb a fait la diff\u00e9rence face \u00e0 la technique de \u00ab\u00a0Bon Gamin\u00a0\u00bb. \u00ab\u00a0Il a su utiliser sa force. Je me suis fait surprendre \u00e0 quelques reprises et c\u2019est ce qui a fait qu\u2019il a gagn\u00e9\u00a0\u00bb, a convenu le Fran\u00e7ais, d\u00e9\u00e7u.<\/p>\n<p class=\"has-black-color has-text-color\">Dix mois apr\u00e8s s\u2019\u00eatre empar\u00e9 de la ceinture de champion du monde, aux d\u00e9pens de l\u2019Am\u00e9ricain Stipe Miocic alors mis KO sans m\u00e9nagement, Ngannou a prouv\u00e9 qu\u2019il reste le meilleur combattant actuel chez les lourds.<\/p>\n<p class=\"has-black-color has-text-color\">La grande question \u00e0 pr\u00e9sent est de savoir quel sera son avenir dans l\u2019UFC, car son contrat arrivera \u00e0 terme \u00e0 la fin de l\u2019ann\u00e9e. Et il n\u2019est pas certain qu\u2019il soit prolong\u00e9, car Ngannou entretient des rapports tendus avec le patron de la ligue Dana White, estimant ne pas \u00eatre suffisamment r\u00e9mun\u00e9r\u00e9 alors qu\u2019il contribue \u00e0 sa popularit\u00e9 croissante \u00e0 travers le monde.<\/p>\n<p class=\"has-black-color has-text-color\">Il a d\u2019ailleurs r\u00e9it\u00e9r\u00e9 dans l\u2019octogone son \u00ab\u00a0envie\u00a0\u00bb de se tourner \u00e0 35 ans vers la boxe anglaise, sa passion premi\u00e8re, qui offre de surcro\u00eet des cachets plus \u00e9lev\u00e9s: \u00ab\u00a0C\u2019est quelque chose que je dois faire avant la fin de ma carri\u00e8re\u00a0\u00bb. L\u2019Anglais Tyson Fury, champion WBC des lourds, n\u2019a d\u2019ailleurs pas attendu pour le d\u00e9fier sur les r\u00e9seaux sociaux.<\/p>\n<p class=\"has-black-color has-text-color\">Pour Gane, 31 ans, qui n\u2019a d\u00e9but\u00e9 dans les arts martiaux mixtes qu\u2019en 2018, la montagne \u00e9tait trop haute. Et ce malgr\u00e9 les conseils avis\u00e9s de son entra\u00eeneur, Fernand Lopez, qui lan\u00e7a la carri\u00e8re de Ngannou en 2013, avant que ce dernier ne quitte le MMA Factory en 2019 pour donner une nouvelle impulsion \u00e0 sa carri\u00e8re aux Etats-Unis .<\/p>\n<p class=\"has-black-color has-text-color\">Mais \u00ab\u00a0l\u2019avenir m\u2019appartient\u00a0\u00bb, a dit le Fran\u00e7ais qui a appel\u00e9 son rival \u00e0 poursuivre en UFC: \u00ab\u00a0Je veux une revanche\u00a0\u00bb.<\/p>\n<p>L\u2019article <a rel=\"nofollow\" href=\"http:\/\/albayane.press.ma\/ngannou-tout-puissant-champion-ufc-des-lourds-a-epuise-gane.html\">Ngannou, tout-puissant champion UFC des lourds, a \u00e9puis\u00e9 Gane<\/a> est apparu en premier sur <a rel=\"nofollow\" href=\"http:\/\/albayane.press.ma\/\">ALBAYANE<\/a>.<\/p>\n<\/div>\n<p>Auteur: M&rsquo;hammed rahal<br \/>\n<a href=\"http:\/\/albayane.press.ma\/ngannou-tout-puissant-champion-ufc-des-lourds-a-epuise-gane.html\">Cliquez ici pour lire l&rsquo;article depuis sa source.<\/a><\/p>\n","protected":false},"excerpt":{"rendered":"<p>Arts Martiaux Mixtes Patient et plus puissant, le Camerounais Francis Ngannou a montr\u00e9 qu\u2019il restait le meilleur chez les lourds en conservant son titre de champion du monde UFC aux d\u00e9pens du Fran\u00e7ais Ciryl Gane, d\u00e9\u00e7u et pas pass\u00e9 loin de l\u2019exploit, samedi \u00e0 Anaheim (Californie). C\u2019est au bout des cinq reprises, serr\u00e9es et pas [&hellip;]<\/p>\n","protected":false},"author":1760,"featured_media":0,"comment_status":"closed","ping_status":"closed","sticky":false,"template":"","format":"standard","meta":{"fifu_image_url":"","fifu_image_alt":"","footnotes":""},"categories":[73,54],"tags":[],"class_list":["post-139371","post","type-post","status-publish","format-standard","hentry","category-actualite","category-maroc"],"_links":{"self":[{"href":"https:\/\/linitiative.ca\/International\/wp-json\/wp\/v2\/posts\/139371","targetHints":{"allow":["GET"]}}],"collection":[{"href":"https:\/\/linitiative.ca\/International\/wp-json\/wp\/v2\/posts"}],"about":[{"href":"https:\/\/linitiative.ca\/International\/wp-json\/wp\/v2\/types\/post"}],"author":[{"embeddable":true,"href":"https:\/\/linitiative.ca\/International\/wp-json\/wp\/v2\/users\/1760"}],"replies":[{"embeddable":true,"href":"https:\/\/linitiative.ca\/International\/wp-json\/wp\/v2\/comments?post=139371"}],"version-history":[{"count":0,"href":"https:\/\/linitiative.ca\/International\/wp-json\/wp\/v2\/posts\/139371\/revisions"}],"wp:attachment":[{"href":"https:\/\/linitiative.ca\/International\/wp-json\/wp\/v2\/media?parent=139371"}],"wp:term":[{"taxonomy":"category","embeddable":true,"href":"https:\/\/linitiative.ca\/International\/wp-json\/wp\/v2\/categories?post=139371"},{"taxonomy":"post_tag","embeddable":true,"href":"https:\/\/linitiative.ca\/International\/wp-json\/wp\/v2\/tags?post=139371"}],"curies":[{"name":"wp","href":"https:\/\/api.w.org\/{rel}","templated":true}]}}