{"id":139373,"date":"2022-01-25T06:00:00","date_gmt":"2022-01-25T11:00:00","guid":{"rendered":"https:\/\/linitiative.ca\/International\/plusieurs-arretes-de-fermeture-signes-par-le-wali-de-jijel\/"},"modified":"2022-01-25T06:00:00","modified_gmt":"2022-01-25T11:00:00","slug":"plusieurs-arretes-de-fermeture-signes-par-le-wali-de-jijel","status":"publish","type":"post","link":"https:\/\/linitiative.ca\/International\/plusieurs-arretes-de-fermeture-signes-par-le-wali-de-jijel\/","title":{"rendered":"Plusieurs arr\u00eat\u00e9s de fermeture sign\u00e9s par le wali de Jijel"},"content":{"rendered":"<div>Face \u00e0 l\u2019alerte donn\u00e9e sur la flamb\u00e9e de la nouvelle vague de la Covid-19 et son variant, Omicron, des mesures ont \u00e9t\u00e9 prises \u00e0 l\u2019\u00e9chelle locale, \u00e0 Jijel, pour tenter de freiner la propagation rapide de ce variant, tr\u00e8s contagieux<\/div>\n<p>Auteur:<br \/>\n<a href=\"https:\/\/www.liberte-algerie.com\/actualite\/plusieurs-arretes-de-fermeture-signes-par-le-wali-de-jijel-372224\">Cliquez ici pour lire l&rsquo;article depuis sa source.<\/a><\/p>\n","protected":false},"excerpt":{"rendered":"<p>Face \u00e0 l\u2019alerte donn\u00e9e sur la flamb\u00e9e de la nouvelle vague de la Covid-19 et son variant, Omicron, des mesures ont \u00e9t\u00e9 prises \u00e0 l\u2019\u00e9chelle locale, \u00e0 Jijel, pour tenter de freiner la propagation rapide de ce variant, tr\u00e8s contagieux Auteur: Cliquez ici pour lire l&rsquo;article depuis sa source.<\/p>\n","protected":false},"author":1742,"featured_media":0,"comment_status":"closed","ping_status":"closed","sticky":false,"template":"","format":"standard","meta":{"fifu_image_url":"","fifu_image_alt":"","footnotes":""},"categories":[73,53],"tags":[],"class_list":["post-139373","post","type-post","status-publish","format-standard","hentry","category-actualite","category-algerie"],"_links":{"self":[{"href":"https:\/\/linitiative.ca\/International\/wp-json\/wp\/v2\/posts\/139373","targetHints":{"allow":["GET"]}}],"collection":[{"href":"https:\/\/linitiative.ca\/International\/wp-json\/wp\/v2\/posts"}],"about":[{"href":"https:\/\/linitiative.ca\/International\/wp-json\/wp\/v2\/types\/post"}],"author":[{"embeddable":true,"href":"https:\/\/linitiative.ca\/International\/wp-json\/wp\/v2\/users\/1742"}],"replies":[{"embeddable":true,"href":"https:\/\/linitiative.ca\/International\/wp-json\/wp\/v2\/comments?post=139373"}],"version-history":[{"count":0,"href":"https:\/\/linitiative.ca\/International\/wp-json\/wp\/v2\/posts\/139373\/revisions"}],"wp:attachment":[{"href":"https:\/\/linitiative.ca\/International\/wp-json\/wp\/v2\/media?parent=139373"}],"wp:term":[{"taxonomy":"category","embeddable":true,"href":"https:\/\/linitiative.ca\/International\/wp-json\/wp\/v2\/categories?post=139373"},{"taxonomy":"post_tag","embeddable":true,"href":"https:\/\/linitiative.ca\/International\/wp-json\/wp\/v2\/tags?post=139373"}],"curies":[{"name":"wp","href":"https:\/\/api.w.org\/{rel}","templated":true}]}}