{"id":139375,"date":"2022-01-25T11:30:00","date_gmt":"2022-01-25T16:30:00","guid":{"rendered":"https:\/\/linitiative.ca\/International\/les-pharmacies-dofficine-autorisees-a-effectuer-les-tests-de-depistage\/"},"modified":"2022-01-25T11:30:00","modified_gmt":"2022-01-25T16:30:00","slug":"les-pharmacies-dofficine-autorisees-a-effectuer-les-tests-de-depistage","status":"publish","type":"post","link":"https:\/\/linitiative.ca\/International\/les-pharmacies-dofficine-autorisees-a-effectuer-les-tests-de-depistage\/","title":{"rendered":"Les pharmacies d&rsquo;officine autoris\u00e9es \u00e0 effectuer les tests de d\u00e9pistage"},"content":{"rendered":"<div>Le minist\u00e8re de la Sant\u00e9 a d\u00e9cid\u00e9 d&rsquo;autoriser les pharmacies d&rsquo;officine \u00e0 effectuer les tests de d\u00e9pistage du Covid-19.<\/div>\n<p>Auteur:<br \/>\n<a href=\"https:\/\/www.liberte-algerie.com\/actualite\/les-pharmacies-dofficine-autorisees-a-effectuer-les-tests-de-depistage-372229\">Cliquez ici pour lire l&rsquo;article depuis sa source.<\/a><\/p>\n","protected":false},"excerpt":{"rendered":"<p>Le minist\u00e8re de la Sant\u00e9 a d\u00e9cid\u00e9 d&rsquo;autoriser les pharmacies d&rsquo;officine \u00e0 effectuer les tests de d\u00e9pistage du Covid-19. Auteur: Cliquez ici pour lire l&rsquo;article depuis sa source.<\/p>\n","protected":false},"author":1742,"featured_media":0,"comment_status":"closed","ping_status":"closed","sticky":false,"template":"","format":"standard","meta":{"fifu_image_url":"","fifu_image_alt":"","footnotes":""},"categories":[73,53],"tags":[],"class_list":["post-139375","post","type-post","status-publish","format-standard","hentry","category-actualite","category-algerie"],"_links":{"self":[{"href":"https:\/\/linitiative.ca\/International\/wp-json\/wp\/v2\/posts\/139375","targetHints":{"allow":["GET"]}}],"collection":[{"href":"https:\/\/linitiative.ca\/International\/wp-json\/wp\/v2\/posts"}],"about":[{"href":"https:\/\/linitiative.ca\/International\/wp-json\/wp\/v2\/types\/post"}],"author":[{"embeddable":true,"href":"https:\/\/linitiative.ca\/International\/wp-json\/wp\/v2\/users\/1742"}],"replies":[{"embeddable":true,"href":"https:\/\/linitiative.ca\/International\/wp-json\/wp\/v2\/comments?post=139375"}],"version-history":[{"count":0,"href":"https:\/\/linitiative.ca\/International\/wp-json\/wp\/v2\/posts\/139375\/revisions"}],"wp:attachment":[{"href":"https:\/\/linitiative.ca\/International\/wp-json\/wp\/v2\/media?parent=139375"}],"wp:term":[{"taxonomy":"category","embeddable":true,"href":"https:\/\/linitiative.ca\/International\/wp-json\/wp\/v2\/categories?post=139375"},{"taxonomy":"post_tag","embeddable":true,"href":"https:\/\/linitiative.ca\/International\/wp-json\/wp\/v2\/tags?post=139375"}],"curies":[{"name":"wp","href":"https:\/\/api.w.org\/{rel}","templated":true}]}}