{"id":139378,"date":"2022-01-25T12:46:44","date_gmt":"2022-01-25T17:46:44","guid":{"rendered":"https:\/\/linitiative.ca\/International\/creation-de-la-section-du-centre-des-jeunes-dirigeants\/"},"modified":"2022-01-25T12:46:44","modified_gmt":"2022-01-25T17:46:44","slug":"creation-de-la-section-du-centre-des-jeunes-dirigeants","status":"publish","type":"post","link":"https:\/\/linitiative.ca\/International\/creation-de-la-section-du-centre-des-jeunes-dirigeants\/","title":{"rendered":"Cr\u00e9ation de la section du Centre des Jeunes Dirigeants"},"content":{"rendered":"<div>\n<div style=\"margin-bottom:20px;\"><img loading=\"lazy\" decoding=\"async\" width=\"750\" height=\"430\" src=\"https:\/\/linitiative.ca\/International\/wp-content\/uploads\/sites\/23\/2022\/01\/Essaouira-tourisme-copier.jpg\" class=\"attachment-post-thumbnail size-post-thumbnail wp-post-image\" alt=\"\" srcset=\"https:\/\/linitiative.ca\/International\/wp-content\/uploads\/sites\/23\/2022\/01\/Essaouira-tourisme-copier.jpg 750w, https:\/\/www.mapmarrakech.ma\/map\/uploads\/2022\/01\/Essaouira-tourisme-copier-300x172.jpg 300w\" sizes=\"auto, (max-width: 750px) 100vw, 750px\"><\/div>\n<p>Pr\u00e9sid\u00e9e par Adil Tayb, membre du CJD-Maroc depuis 2013 et entrepreneur depuis plus de 10 ans, la section d\u2019Essaouira du CJD a pour ambition de f\u00e9d\u00e9rer les entrepreneurs de la Cit\u00e9 des Aliz\u00e9s de toutes nationalit\u00e9s, soucieux de partager leurs exp\u00e9riences, de se former, de d\u00e9velopper des projets citoyens sur le territoire et d\u2019\u00e9changer avec leurs pairs \u00e0 Essaouira, dans tout le Maroc et aussi \u00e0 l\u2019international, sachant que le CJD est pr\u00e9sent dans plus de 17 pays, indique un communiqu\u00e9 du Centre.<\/p>\n<p>Le bureau de la section du CJD-Essaouira est ainsi compos\u00e9 de Adil Tayb, pr\u00e9sident, Karima Khalil, vice-pr\u00e9sidente de la section et responsable formation enseignante (chercheuse \u00e0 l\u2019Ecole Sup\u00e9rieure de Technologie d\u2019Essaouira relevant de l\u2019Universit\u00e9 Cadi Ayyad), Bouchra Tayb, tr\u00e9sori\u00e8re de la section (comptable agr\u00e9\u00e9e \u00e0 Essaouira) et Florence Belmain, responsable communication et influence de la section (consultante en communication, gestionnaire de projets humanitaires, fundraiser, catalyseur de bonnes volont\u00e9s), fait savoir le communiqu\u00e9.<\/p>\n<p>En effet, l\u2019entrepreneuriat durable et le bonheur sont les deux axes de travail qui conduiront cette ann\u00e9e les r\u00e9flexions de la jeune section, ses formations et actions, souligne la m\u00eame source.<\/p>\n<p>\u00ab\u00a0Le CJD-Essaouira souhaite se positionner comme un acteur \u00e0 part enti\u00e8re de la vie socio-\u00e9conomique d\u2019Essaouira et de la r\u00e9gion\u00a0\u00bb, tient \u00e0 pr\u00e9ciser M. Tayb, cit\u00e9 dans le communiqu\u00e9.<\/p>\n<p>\u00ab\u00a0Des projets sont en cours d\u2019\u00e9tude. Nous vous en reparlerons prochainement\u00a0\u00bb, a-t-il encha\u00een\u00e9.<\/p>\n<p>A noter que le Centre des Jeunes Dirigeants, qui a vu le jour en France en 1938, a \u00e9t\u00e9 cr\u00e9\u00e9 au Maroc en 2001. Le CJD Maroc compte aujourd\u2019hui pr\u00e8s de 200 membres \u00e0 travers ses 10 sections pr\u00e9sentes \u00e0 Casablanca, Rabat, Tanger, F\u00e8s, Marrakech, Agadir, Dakhla, El Jadida, Ouarzazate et maintenant Essaouira.<\/p>\n<p>Pr\u00e9sid\u00e9 pour les deux ann\u00e9es \u00e0 venir par Naoufal El Heziti, le CJD, qui est le plus ancien mouvement patronal, est l\u2019\u00e9cole de l\u2019entrepreneur responsable et engag\u00e9. Il a pour objectif d\u2019encourager l\u2019entrepreneuriat, d\u2019accompagner et de former les dirigeants d\u2019entreprises.<\/p>\n<p>Les membres du CJD sont form\u00e9s au m\u00e9tier de \u00ab\u00a0dirigeant-entrepreneur\u00a0\u00bb soucieux de rendre leur entreprise \u00e0 la fois plus humaine et plus comp\u00e9titive.<\/p>\n<p>Cr\u00e9ateur du concept de Performance Globale (\u00e9conomique, sociale, soci\u00e9tale et environnementale), le CJD compte aujourd\u2019hui plus de 5.000 chefs d\u2019entreprise et cadres dirigeants, 19 CJD \u00e0 l\u2019international et 25 correspondants dans le monde.<\/p>\n<p>\u00c0 ce jour, plus de 75.000 chefs d\u2019entreprises toujours en activit\u00e9 sont pass\u00e9s par le CJD.<\/p>\n<p>Mouvement ind\u00e9pendant et en exp\u00e9rimentation constante, le CJD a constitu\u00e9, depuis sa cr\u00e9ation, une source de proposition, un laboratoire d\u2019exp\u00e9rimentation et un collectif d\u2019agitateur des id\u00e9es.<\/p>\n<p>Le Centre, qui a toujours aliment\u00e9 les r\u00e9flexions et influenc\u00e9 les d\u00e9cisions \u00e9conomiques, politiques et sociales, \u00ab\u00a0d\u00e9montre qu\u2019une autre forme d\u2019entrepreneuriat et d\u2019entreprise est possible. Il influence la soci\u00e9t\u00e9 civile et r\u00e9habilite l\u2019entrepreneur dans sa fonction\u00a0\u00bb.<\/p>\n<p>The post <a rel=\"nofollow\" href=\"https:\/\/www.mapmarrakech.ma\/fr\/creation-de-la-section-du-centre-des-jeunes-dirigeants\/\">Cr\u00e9ation de la section du Centre des Jeunes Dirigeants<\/a> appeared first on <a rel=\"nofollow\" href=\"https:\/\/www.mapmarrakech.ma\/fr\">MapMarrakech<\/a>.<\/p>\n<\/div>\n<p>Auteur: Meriem IGASS<br \/>\n<a href=\"https:\/\/www.mapmarrakech.ma\/fr\/creation-de-la-section-du-centre-des-jeunes-dirigeants\/\">Cliquez ici pour lire l&rsquo;article depuis sa source.<\/a><\/p>\n","protected":false},"excerpt":{"rendered":"<p>Pr\u00e9sid\u00e9e par Adil Tayb, membre du CJD-Maroc depuis 2013 et entrepreneur depuis plus de 10 ans, la section d\u2019Essaouira du CJD a pour ambition de f\u00e9d\u00e9rer les entrepreneurs de la Cit\u00e9 des Aliz\u00e9s de toutes nationalit\u00e9s, soucieux de partager leurs exp\u00e9riences, de se former, de d\u00e9velopper des projets citoyens sur le territoire et d\u2019\u00e9changer avec [&hellip;]<\/p>\n","protected":false},"author":1788,"featured_media":0,"comment_status":"closed","ping_status":"closed","sticky":false,"template":"","format":"standard","meta":{"fifu_image_url":"https:\/\/www.mapmarrakech.ma\/map\/uploads\/2022\/01\/Essaouira-tourisme-copier.jpg","fifu_image_alt":"Cr\u00e9ation de la section du Centre des Jeunes Dirigeants","footnotes":""},"categories":[54,76],"tags":[],"class_list":["post-139378","post","type-post","status-publish","format-standard","hentry","category-maroc","category-regions"],"_links":{"self":[{"href":"https:\/\/linitiative.ca\/International\/wp-json\/wp\/v2\/posts\/139378","targetHints":{"allow":["GET"]}}],"collection":[{"href":"https:\/\/linitiative.ca\/International\/wp-json\/wp\/v2\/posts"}],"about":[{"href":"https:\/\/linitiative.ca\/International\/wp-json\/wp\/v2\/types\/post"}],"author":[{"embeddable":true,"href":"https:\/\/linitiative.ca\/International\/wp-json\/wp\/v2\/users\/1788"}],"replies":[{"embeddable":true,"href":"https:\/\/linitiative.ca\/International\/wp-json\/wp\/v2\/comments?post=139378"}],"version-history":[{"count":0,"href":"https:\/\/linitiative.ca\/International\/wp-json\/wp\/v2\/posts\/139378\/revisions"}],"wp:attachment":[{"href":"https:\/\/linitiative.ca\/International\/wp-json\/wp\/v2\/media?parent=139378"}],"wp:term":[{"taxonomy":"category","embeddable":true,"href":"https:\/\/linitiative.ca\/International\/wp-json\/wp\/v2\/categories?post=139378"},{"taxonomy":"post_tag","embeddable":true,"href":"https:\/\/linitiative.ca\/International\/wp-json\/wp\/v2\/tags?post=139378"}],"curies":[{"name":"wp","href":"https:\/\/api.w.org\/{rel}","templated":true}]}}