{"id":139380,"date":"2022-01-25T07:41:12","date_gmt":"2022-01-25T12:41:12","guid":{"rendered":"https:\/\/linitiative.ca\/International\/lusine-de-cablage-automobile-doujda-generera-3-500-emplois-pour-la-region\/"},"modified":"2022-01-25T07:41:12","modified_gmt":"2022-01-25T12:41:12","slug":"lusine-de-cablage-automobile-doujda-generera-3-500-emplois-pour-la-region","status":"publish","type":"post","link":"https:\/\/linitiative.ca\/International\/lusine-de-cablage-automobile-doujda-generera-3-500-emplois-pour-la-region\/","title":{"rendered":"L\u2019usine de c\u00e2blage automobile d\u2019Oujda g\u00e9n\u00e9rera 3.500 emplois pour la r\u00e9gion"},"content":{"rendered":"<div>\n<div style=\"margin-bottom:20px;\"><img loading=\"lazy\" decoding=\"async\" width=\"750\" height=\"430\" src=\"https:\/\/linitiative.ca\/International\/wp-content\/uploads\/sites\/23\/2022\/01\/Conseil-de-la-RC3A9gion-de-lOriental-M750C397430-MAP.jpg\" class=\"attachment-post-thumbnail size-post-thumbnail wp-post-image\" alt=\"\" srcset=\"https:\/\/linitiative.ca\/International\/wp-content\/uploads\/sites\/23\/2022\/01\/Conseil-de-la-RC3A9gion-de-lOriental-M750C397430-MAP.jpg 750w, https:\/\/www.mapoujda.ma\/map\/uploads\/2021\/10\/Conseil-de-la-R\u00e9gion-de-lOriental-M750\u00d7430-MAP-300x172.jpg 300w\" sizes=\"auto, (max-width: 750px) 100vw, 750px\"><\/div>\n<div>\n<p style=\"text-align: justify;\">L\u2019usine de c\u00e2blage automobile d\u2019Oujda, relevant du groupe \u00e9quipementier Aptiv et dont les travaux de construction ont \u00e9t\u00e9 lanc\u00e9s lundi, permettra la cr\u00e9ation de 3.500 postes d\u2019emploi directs pour les jeunes de la r\u00e9gion, indique un communiqu\u00e9 du Conseil de la r\u00e9gion de l\u2019Oriental (CRO).<\/p>\n<p style=\"text-align: justify;\">Cette nouvelle unit\u00e9 industrielle, dont le coup d\u2019envoi des travaux a \u00e9t\u00e9 donn\u00e9 par le pr\u00e9sident du CRO, Abdenbi Bioui et le wali de la r\u00e9gion de l\u2019Oriental, gouverneur de la pr\u00e9fecture d\u2019Oujda-Angad, Mouad El Jamai, s\u2019\u00e9talera sur une superficie de 8 ha et n\u00e9cessitera un investissement global de 394 millions de dirhams (MDH), pr\u00e9cise le CRO.<\/p>\n<p style=\"text-align: justify;\">La c\u00e9r\u00e9monie de lancement de ce projet s\u2019est d\u00e9roul\u00e9e avec la participation du directeur g\u00e9n\u00e9ral du Centre r\u00e9gional d\u2019investissement de l\u2019Oriental (CRIO), du premier vice-pr\u00e9sident de la Conf\u00e9d\u00e9ration g\u00e9n\u00e9rale des entreprises du Maroc (CGEM), du pr\u00e9sident de l\u2019Association marocaine pour l\u2019industrie et la construction automobile (AMICA) et des repr\u00e9sentants des soci\u00e9t\u00e9s MedZ, AtlantaSanad, ADEIS et Aptiv, en plus des vice-pr\u00e9sidents du CRO et des membres du Conseil, d\u2019\u00e9lus et des chefs des services d\u00e9centralis\u00e9s, ajoute la m\u00eame source.<\/p>\n<p style=\"text-align: justify;\">Cit\u00e9 dans le communiqu\u00e9, M. Bioui a soulign\u00e9 que ce projet contribuera \u00e0 la cr\u00e9ation de postes d\u2019emplois pour les jeunes et de nouvelles alternatives \u00e9conomiques, sachant que cette usine g\u00e9n\u00e9rera 3.500 emplois directs pour les habitants de la r\u00e9gion.<\/p>\n<p style=\"text-align: justify;\">Ce projet s\u2019inscrit dans le cadre de la concr\u00e9tisation des acquis du discours royal prononc\u00e9 par SM le Roi Mohammed VI le 18 mars 2003 \u00e0 Oujda, avec pour objectif de cr\u00e9er des projets de d\u00e9veloppement et d\u2019encourager les investissements, a-t-il dit.<\/p>\n<p style=\"text-align: justify;\">Dans le m\u00eame sens, M. Bioui a salu\u00e9 le r\u00f4le important jou\u00e9 par le minist\u00e8re de l\u2019Industrie et du commerce pour l\u2019appui \u00e0 l\u2019investissement dans la r\u00e9gion de l\u2019Oriental, et ce lors d\u2019une rencontre tenue \u00e0 cette occasion au si\u00e8ge de la wilaya de l\u2019Oriental \u00e0 Oujda, avec la participation du ministre de l\u2019Industrie et du commerce, Ryad Mezzour par visioconf\u00e9rence.<\/p>\n<p style=\"text-align: justify;\">Le pr\u00e9sident du CRO a aussi fait savoir que l\u2019annonce de la cr\u00e9ation d\u2019importants p\u00f4les industriels dans l\u2019ensemble des provinces de la r\u00e9gion sera faite dans les prochains jours, rapporte le communiqu\u00e9.<\/p>\n<p style=\"text-align: justify;\">Le document rappelle, en outre, que le CRO a proc\u00e9d\u00e9 r\u00e9cemment, dans le cadre de l\u2019encouragement des investissements, \u00e0 l\u2019approbation de plusieurs cahiers de charges sp\u00e9ciaux, dans le but de diversifier les formes de soutien, garantir la qualit\u00e9 et l\u2019efficacit\u00e9 de l\u2019encadrement et de l\u2019accompagnement apport\u00e9 aux composantes du tissu entrepreneurial et r\u00e9unir les conditions propices \u00e0 l\u2019\u00e9dification d\u2019un syst\u00e8me r\u00e9gional de l\u2019emploi.<\/p>\n<p style=\"text-align: justify;\">Par ailleurs, et afin de soutenir la dynamique et la continuit\u00e9 de l\u2019installation des soci\u00e9t\u00e9s industrielles sur le territoire de la r\u00e9gion, le Conseil r\u00e9gional a \u00e9galement adopt\u00e9 la convention de partenariat relative \u00e0 l\u2019installation de la soci\u00e9t\u00e9 internationale \u00abAptiv Service Maroc\u00bb, sp\u00e9cialis\u00e9e dans le c\u00e2blage automobile, conclut le communiqu\u00e9.<\/p>\n<\/div>\n<p>L\u2019article <a rel=\"nofollow\" href=\"https:\/\/www.mapoujda.ma\/fr\/lusine-de-cablage-automobile-doujda-generera-3-500-emplois-pour-la-region\/\">L\u2019usine de c\u00e2blage automobile d\u2019Oujda g\u00e9n\u00e9rera 3.500 emplois pour la r\u00e9gion<\/a> est apparu en premier sur <a rel=\"nofollow\" href=\"https:\/\/www.mapoujda.ma\/fr\">MapOujda<\/a>.<\/p>\n<\/div>\n<p>Auteur: Soufiane ELAHMAR<br \/>\n<a href=\"https:\/\/www.mapoujda.ma\/fr\/lusine-de-cablage-automobile-doujda-generera-3-500-emplois-pour-la-region\/\">Cliquez ici pour lire l&rsquo;article depuis sa source.<\/a><\/p>\n","protected":false},"excerpt":{"rendered":"<p>L\u2019usine de c\u00e2blage automobile d\u2019Oujda, relevant du groupe \u00e9quipementier Aptiv et dont les travaux de construction ont \u00e9t\u00e9 lanc\u00e9s lundi, permettra la cr\u00e9ation de 3.500 postes d\u2019emploi directs pour les jeunes de la r\u00e9gion, indique un communiqu\u00e9 du Conseil de la r\u00e9gion de l\u2019Oriental (CRO). Cette nouvelle unit\u00e9 industrielle, dont le coup d\u2019envoi des travaux [&hellip;]<\/p>\n","protected":false},"author":1788,"featured_media":0,"comment_status":"closed","ping_status":"closed","sticky":false,"template":"","format":"standard","meta":{"fifu_image_url":"https:\/\/www.mapoujda.ma\/map\/uploads\/2021\/10\/Conseil-de-la-R\u00e9gion-de-lOriental-M750\u00d7430-MAP.jpg","fifu_image_alt":"L\u2019usine de c\u00e2blage automobile d\u2019Oujda g\u00e9n\u00e9rera 3.500 emplois pour la r\u00e9gion","footnotes":""},"categories":[54,76],"tags":[],"class_list":["post-139380","post","type-post","status-publish","format-standard","hentry","category-maroc","category-regions"],"_links":{"self":[{"href":"https:\/\/linitiative.ca\/International\/wp-json\/wp\/v2\/posts\/139380","targetHints":{"allow":["GET"]}}],"collection":[{"href":"https:\/\/linitiative.ca\/International\/wp-json\/wp\/v2\/posts"}],"about":[{"href":"https:\/\/linitiative.ca\/International\/wp-json\/wp\/v2\/types\/post"}],"author":[{"embeddable":true,"href":"https:\/\/linitiative.ca\/International\/wp-json\/wp\/v2\/users\/1788"}],"replies":[{"embeddable":true,"href":"https:\/\/linitiative.ca\/International\/wp-json\/wp\/v2\/comments?post=139380"}],"version-history":[{"count":0,"href":"https:\/\/linitiative.ca\/International\/wp-json\/wp\/v2\/posts\/139380\/revisions"}],"wp:attachment":[{"href":"https:\/\/linitiative.ca\/International\/wp-json\/wp\/v2\/media?parent=139380"}],"wp:term":[{"taxonomy":"category","embeddable":true,"href":"https:\/\/linitiative.ca\/International\/wp-json\/wp\/v2\/categories?post=139380"},{"taxonomy":"post_tag","embeddable":true,"href":"https:\/\/linitiative.ca\/International\/wp-json\/wp\/v2\/tags?post=139380"}],"curies":[{"name":"wp","href":"https:\/\/api.w.org\/{rel}","templated":true}]}}