{"id":139386,"date":"2022-01-25T13:04:23","date_gmt":"2022-01-25T18:04:23","guid":{"rendered":"https:\/\/linitiative.ca\/International\/les-rendez-vous-de-lhistoire-demarrent-ce-jeudi-2\/"},"modified":"2022-01-25T13:04:23","modified_gmt":"2022-01-25T18:04:23","slug":"les-rendez-vous-de-lhistoire-demarrent-ce-jeudi-2","status":"publish","type":"post","link":"https:\/\/linitiative.ca\/International\/les-rendez-vous-de-lhistoire-demarrent-ce-jeudi-2\/","title":{"rendered":"Les rendez-vous de l\u2019histoire d\u00e9marrent ce jeudi"},"content":{"rendered":"<div>\n<div class=\"field field-name-body field-type-text-with-summary field-label-hidden\">\n<div class=\"field-items\">\n<div class=\"field-item even\" property=\"content:encoded\">\n<p class=\"rtejustify\">L\u2019Institut royal pour la recherche sur l\u2019histoire du Maroc planche, jeudi 27 janvier 2022 \u00e0 Rabat, sur \u00able bilan et les perspectives\u00bb de notre histoire nationale. Des historiens vont exposer \u00e0 l\u2019Acad\u00e9mie du Royaume les relations avec la Suisse, les tribunaux h\u00e9bra\u00efques, le protectorat au Maroc ou encore le parcours du dernier directeur de l\u2019Int\u00e9rieur \u00e0 Rabat (1954-1956), le g\u00e9n\u00e9ral M\u00e9ric\u2026 Une trentaine de chercheurs vont revenir pour le plus grand bonheur du public sur une histoire contemporaine du Maroc.<\/p>\n<\/div>\n<\/div>\n<\/div>\n<\/div>\n<p>Auteur: hgueye<br \/>\n<a href=\"https:\/\/www.leconomiste.com\/flash-infos\/les-rendez-vous-de-l-histoire-demarrent-ce-jeudi-0\">Cliquez ici pour lire l&rsquo;article depuis sa source.<\/a><\/p>\n","protected":false},"excerpt":{"rendered":"<p>L\u2019Institut royal pour la recherche sur l\u2019histoire du Maroc planche, jeudi 27 janvier 2022 \u00e0 Rabat, sur \u00able bilan et les perspectives\u00bb de notre histoire nationale. Des historiens vont exposer \u00e0 l\u2019Acad\u00e9mie du Royaume les relations avec la Suisse, les tribunaux h\u00e9bra\u00efques, le protectorat au Maroc ou encore le parcours du dernier directeur de l\u2019Int\u00e9rieur [&hellip;]<\/p>\n","protected":false},"author":1763,"featured_media":0,"comment_status":"closed","ping_status":"closed","sticky":false,"template":"","format":"standard","meta":{"fifu_image_url":"","fifu_image_alt":"","footnotes":""},"categories":[78,54],"tags":[],"class_list":["post-139386","post","type-post","status-publish","format-standard","hentry","category-economie","category-maroc"],"_links":{"self":[{"href":"https:\/\/linitiative.ca\/International\/wp-json\/wp\/v2\/posts\/139386","targetHints":{"allow":["GET"]}}],"collection":[{"href":"https:\/\/linitiative.ca\/International\/wp-json\/wp\/v2\/posts"}],"about":[{"href":"https:\/\/linitiative.ca\/International\/wp-json\/wp\/v2\/types\/post"}],"author":[{"embeddable":true,"href":"https:\/\/linitiative.ca\/International\/wp-json\/wp\/v2\/users\/1763"}],"replies":[{"embeddable":true,"href":"https:\/\/linitiative.ca\/International\/wp-json\/wp\/v2\/comments?post=139386"}],"version-history":[{"count":0,"href":"https:\/\/linitiative.ca\/International\/wp-json\/wp\/v2\/posts\/139386\/revisions"}],"wp:attachment":[{"href":"https:\/\/linitiative.ca\/International\/wp-json\/wp\/v2\/media?parent=139386"}],"wp:term":[{"taxonomy":"category","embeddable":true,"href":"https:\/\/linitiative.ca\/International\/wp-json\/wp\/v2\/categories?post=139386"},{"taxonomy":"post_tag","embeddable":true,"href":"https:\/\/linitiative.ca\/International\/wp-json\/wp\/v2\/tags?post=139386"}],"curies":[{"name":"wp","href":"https:\/\/api.w.org\/{rel}","templated":true}]}}