{"id":139387,"date":"2022-01-25T13:11:57","date_gmt":"2022-01-25T18:11:57","guid":{"rendered":"https:\/\/linitiative.ca\/International\/doc-note-circulaire-n-732-relative-aux-dispositions-fiscales-de-la-lf-pour-lannee-budgetaire-2022\/"},"modified":"2022-01-25T13:11:57","modified_gmt":"2022-01-25T18:11:57","slug":"doc-note-circulaire-n-732-relative-aux-dispositions-fiscales-de-la-lf-pour-lannee-budgetaire-2022","status":"publish","type":"post","link":"https:\/\/linitiative.ca\/International\/doc-note-circulaire-n-732-relative-aux-dispositions-fiscales-de-la-lf-pour-lannee-budgetaire-2022\/","title":{"rendered":"DOC\/ Note circulaire n\u00b0 732 relative aux dispositions fiscales de la LF pour l\u2019ann\u00e9e budg\u00e9taire 2022"},"content":{"rendered":"<div>\n<div class=\"field field-name-body field-type-text-with-summary field-label-hidden\">\n<div class=\"field-items\">\n<div class=\"field-item even\" property=\"content:encoded\">\n<p class=\"rtejustify\">La Direction g\u00e9n\u00e9rale des imp\u00f4ts (DGI) a publi\u00e9 une note circulaire relative 732 relative aux dispositions fiscales de la loi de finances pour l\u2019ann\u00e9e budg\u00e9taire 2022. La note d\u00e9taille les mesures sp\u00e9cifiques \u00e0 l&rsquo;IS, l&rsquo;IR, la TVA, les droits d&rsquo;enregistrement et les mesures communes.<\/p>\n<\/div>\n<\/div>\n<\/div>\n<\/div>\n<p>Auteur: hgueye<br \/>\n<a href=\"https:\/\/www.leconomiste.com\/flash-infos\/doc-note-circulaire-ndeg-732-relative-aux-dispositions-fiscales-de-la-lf-pour-l-annee\">Cliquez ici pour lire l&rsquo;article depuis sa source.<\/a><\/p>\n","protected":false},"excerpt":{"rendered":"<p>La Direction g\u00e9n\u00e9rale des imp\u00f4ts (DGI) a publi\u00e9 une note circulaire relative 732 relative aux dispositions fiscales de la loi de finances pour l\u2019ann\u00e9e budg\u00e9taire 2022. La note d\u00e9taille les mesures sp\u00e9cifiques \u00e0 l&rsquo;IS, l&rsquo;IR, la TVA, les droits d&rsquo;enregistrement et les mesures communes. Auteur: hgueye Cliquez ici pour lire l&rsquo;article depuis sa source.<\/p>\n","protected":false},"author":1763,"featured_media":0,"comment_status":"closed","ping_status":"closed","sticky":false,"template":"","format":"standard","meta":{"fifu_image_url":"","fifu_image_alt":"","footnotes":""},"categories":[78,54],"tags":[],"class_list":["post-139387","post","type-post","status-publish","format-standard","hentry","category-economie","category-maroc"],"_links":{"self":[{"href":"https:\/\/linitiative.ca\/International\/wp-json\/wp\/v2\/posts\/139387","targetHints":{"allow":["GET"]}}],"collection":[{"href":"https:\/\/linitiative.ca\/International\/wp-json\/wp\/v2\/posts"}],"about":[{"href":"https:\/\/linitiative.ca\/International\/wp-json\/wp\/v2\/types\/post"}],"author":[{"embeddable":true,"href":"https:\/\/linitiative.ca\/International\/wp-json\/wp\/v2\/users\/1763"}],"replies":[{"embeddable":true,"href":"https:\/\/linitiative.ca\/International\/wp-json\/wp\/v2\/comments?post=139387"}],"version-history":[{"count":0,"href":"https:\/\/linitiative.ca\/International\/wp-json\/wp\/v2\/posts\/139387\/revisions"}],"wp:attachment":[{"href":"https:\/\/linitiative.ca\/International\/wp-json\/wp\/v2\/media?parent=139387"}],"wp:term":[{"taxonomy":"category","embeddable":true,"href":"https:\/\/linitiative.ca\/International\/wp-json\/wp\/v2\/categories?post=139387"},{"taxonomy":"post_tag","embeddable":true,"href":"https:\/\/linitiative.ca\/International\/wp-json\/wp\/v2\/tags?post=139387"}],"curies":[{"name":"wp","href":"https:\/\/api.w.org\/{rel}","templated":true}]}}