{"id":139388,"date":"2022-01-25T13:43:03","date_gmt":"2022-01-25T18:43:03","guid":{"rendered":"https:\/\/linitiative.ca\/International\/tourisme-nouvelle-grogne-des-agences-de-voyages\/"},"modified":"2022-01-25T13:43:03","modified_gmt":"2022-01-25T18:43:03","slug":"tourisme-nouvelle-grogne-des-agences-de-voyages","status":"publish","type":"post","link":"https:\/\/linitiative.ca\/International\/tourisme-nouvelle-grogne-des-agences-de-voyages\/","title":{"rendered":"Tourisme: Nouvelle grogne des agences de voyages"},"content":{"rendered":"<div>\n<div class=\"field field-name-body field-type-text-with-summary field-label-hidden\">\n<div class=\"field-items\">\n<div class=\"field-item even\" property=\"content:encoded\">\n<p class=\"rtejustify\">Les agences de voyages veulent se faire entendre face \u00e0 la situation actuelle marqu\u00e9e par la fermeture des fronti\u00e8res et l&rsquo;arr\u00eat de leur activit\u00e9. Elles organisent, mercredi 25 janvier, un deuxi\u00e8me sit-in devant le si\u00e8ge du minist\u00e8re du Tourisme \u00e0 Rabat pour r\u00e9clamer des mesures afin de \u00ab\u00a0sauver l&rsquo;existence de leur activit\u00e9\u00a0\u00bb.\u00a0<\/p>\n<\/div>\n<\/div>\n<\/div>\n<\/div>\n<p>Auteur: hgueye<br \/>\n<a href=\"https:\/\/www.leconomiste.com\/flash-infos\/tourisme-nouvelle-grogne-des-agences-de-voyages\">Cliquez ici pour lire l&rsquo;article depuis sa source.<\/a><\/p>\n","protected":false},"excerpt":{"rendered":"<p>Les agences de voyages veulent se faire entendre face \u00e0 la situation actuelle marqu\u00e9e par la fermeture des fronti\u00e8res et l&rsquo;arr\u00eat de leur activit\u00e9. Elles organisent, mercredi 25 janvier, un deuxi\u00e8me sit-in devant le si\u00e8ge du minist\u00e8re du Tourisme \u00e0 Rabat pour r\u00e9clamer des mesures afin de \u00ab\u00a0sauver l&rsquo;existence de leur activit\u00e9\u00a0\u00bb.\u00a0 Auteur: hgueye Cliquez [&hellip;]<\/p>\n","protected":false},"author":1763,"featured_media":0,"comment_status":"closed","ping_status":"closed","sticky":false,"template":"","format":"standard","meta":{"fifu_image_url":"","fifu_image_alt":"","footnotes":""},"categories":[78,54],"tags":[],"class_list":["post-139388","post","type-post","status-publish","format-standard","hentry","category-economie","category-maroc"],"_links":{"self":[{"href":"https:\/\/linitiative.ca\/International\/wp-json\/wp\/v2\/posts\/139388","targetHints":{"allow":["GET"]}}],"collection":[{"href":"https:\/\/linitiative.ca\/International\/wp-json\/wp\/v2\/posts"}],"about":[{"href":"https:\/\/linitiative.ca\/International\/wp-json\/wp\/v2\/types\/post"}],"author":[{"embeddable":true,"href":"https:\/\/linitiative.ca\/International\/wp-json\/wp\/v2\/users\/1763"}],"replies":[{"embeddable":true,"href":"https:\/\/linitiative.ca\/International\/wp-json\/wp\/v2\/comments?post=139388"}],"version-history":[{"count":0,"href":"https:\/\/linitiative.ca\/International\/wp-json\/wp\/v2\/posts\/139388\/revisions"}],"wp:attachment":[{"href":"https:\/\/linitiative.ca\/International\/wp-json\/wp\/v2\/media?parent=139388"}],"wp:term":[{"taxonomy":"category","embeddable":true,"href":"https:\/\/linitiative.ca\/International\/wp-json\/wp\/v2\/categories?post=139388"},{"taxonomy":"post_tag","embeddable":true,"href":"https:\/\/linitiative.ca\/International\/wp-json\/wp\/v2\/tags?post=139388"}],"curies":[{"name":"wp","href":"https:\/\/api.w.org\/{rel}","templated":true}]}}