{"id":139396,"date":"2022-01-25T06:02:13","date_gmt":"2022-01-25T11:02:13","guid":{"rendered":"https:\/\/linitiative.ca\/International\/diplomatie-le-maroc-va-revoir-sa-carte-consulaire\/"},"modified":"2022-01-25T06:02:13","modified_gmt":"2022-01-25T11:02:13","slug":"diplomatie-le-maroc-va-revoir-sa-carte-consulaire","status":"publish","type":"post","link":"https:\/\/linitiative.ca\/International\/diplomatie-le-maroc-va-revoir-sa-carte-consulaire\/","title":{"rendered":"Diplomatie. Le Maroc va revoir sa carte consulaire"},"content":{"rendered":"<div><img decoding=\"async\" width=\"588\" height=\"331\" src=\"https:\/\/linitiative.ca\/International\/wp-content\/uploads\/sites\/23\/2022\/01\/nasser-bourita-map-copie-1.jpg\" class=\"attachment-post-thumbnail size-post-thumbnail wp-post-image\" alt=\"\" loading=\"lazy\" srcset=\"https:\/\/linitiative.ca\/International\/wp-content\/uploads\/sites\/23\/2022\/01\/nasser-bourita-map-copie-1.jpg 588w, https:\/\/www.challenge.ma\/wp-content\/uploads\/2020\/10\/nasser-bourita-map-copie-1-300x169.jpg 300w, https:\/\/www.challenge.ma\/wp-content\/uploads\/2020\/10\/nasser-bourita-map-copie-1-360x203.jpg 360w\" sizes=\"auto, (max-width: 588px) 100vw, 588px\" itemprop=\"image\">Le royaume devrait revisiter sa carte consulaire. En effet, selon le ministre des Affaires \u00e9trang\u00e8res, de la Coop\u00e9ration africaine et des Marocains r\u00e9sidant \u00e0 l\u2019\u00e9tranger, Nasser Bourita, il est la n\u00e9cessaire de revoir la carte consulaire du Maroc en vue de rapprocher les prestations de la communaut\u00e9 marocaine \u00e9tablie \u00e0<\/div>\n<p>Auteur: challenge<br \/>\n<a href=\"https:\/\/www.challenge.ma\/diplomatie-le-maroc-va-revoir-sa-carte-consulaire-231361\/\">Cliquez ici pour lire l&rsquo;article depuis sa source.<\/a><\/p>\n","protected":false},"excerpt":{"rendered":"<p>Le royaume devrait revisiter sa carte consulaire. En effet, selon le ministre des Affaires \u00e9trang\u00e8res, de la Coop\u00e9ration africaine et des Marocains r\u00e9sidant \u00e0 l\u2019\u00e9tranger, Nasser Bourita, il est la n\u00e9cessaire de revoir la carte consulaire du Maroc en vue de rapprocher les prestations de la communaut\u00e9 marocaine \u00e9tablie \u00e0 Auteur: challenge Cliquez ici pour [&hellip;]<\/p>\n","protected":false},"author":1787,"featured_media":0,"comment_status":"closed","ping_status":"closed","sticky":false,"template":"","format":"standard","meta":{"fifu_image_url":"https:\/\/www.challenge.ma\/wp-content\/uploads\/2020\/10\/nasser-bourita-map-copie-1.jpg","fifu_image_alt":"Diplomatie. Le Maroc va revoir sa carte consulaire","footnotes":""},"categories":[78,54],"tags":[],"class_list":["post-139396","post","type-post","status-publish","format-standard","hentry","category-economie","category-maroc"],"_links":{"self":[{"href":"https:\/\/linitiative.ca\/International\/wp-json\/wp\/v2\/posts\/139396","targetHints":{"allow":["GET"]}}],"collection":[{"href":"https:\/\/linitiative.ca\/International\/wp-json\/wp\/v2\/posts"}],"about":[{"href":"https:\/\/linitiative.ca\/International\/wp-json\/wp\/v2\/types\/post"}],"author":[{"embeddable":true,"href":"https:\/\/linitiative.ca\/International\/wp-json\/wp\/v2\/users\/1787"}],"replies":[{"embeddable":true,"href":"https:\/\/linitiative.ca\/International\/wp-json\/wp\/v2\/comments?post=139396"}],"version-history":[{"count":0,"href":"https:\/\/linitiative.ca\/International\/wp-json\/wp\/v2\/posts\/139396\/revisions"}],"wp:attachment":[{"href":"https:\/\/linitiative.ca\/International\/wp-json\/wp\/v2\/media?parent=139396"}],"wp:term":[{"taxonomy":"category","embeddable":true,"href":"https:\/\/linitiative.ca\/International\/wp-json\/wp\/v2\/categories?post=139396"},{"taxonomy":"post_tag","embeddable":true,"href":"https:\/\/linitiative.ca\/International\/wp-json\/wp\/v2\/tags?post=139396"}],"curies":[{"name":"wp","href":"https:\/\/api.w.org\/{rel}","templated":true}]}}