{"id":139400,"date":"2022-01-25T07:47:33","date_gmt":"2022-01-25T12:47:33","guid":{"rendered":"https:\/\/linitiative.ca\/International\/maroc-un-livre-hommage-dedie-aux-operateurs-du-tourisme-signe-ahlam-jebbar\/"},"modified":"2022-01-25T07:47:33","modified_gmt":"2022-01-25T12:47:33","slug":"maroc-un-livre-hommage-dedie-aux-operateurs-du-tourisme-signe-ahlam-jebbar","status":"publish","type":"post","link":"https:\/\/linitiative.ca\/International\/maroc-un-livre-hommage-dedie-aux-operateurs-du-tourisme-signe-ahlam-jebbar\/","title":{"rendered":"Maroc. Un livre hommage d\u00e9di\u00e9 aux op\u00e9rateurs du tourisme sign\u00e9 Ahlam Jebbar"},"content":{"rendered":"<div><img decoding=\"async\" width=\"594\" height=\"350\" src=\"https:\/\/linitiative.ca\/International\/wp-content\/uploads\/sites\/23\/2022\/01\/Mon-Maroc-594-x-350.jpg\" class=\"attachment-post-thumbnail size-post-thumbnail wp-post-image\" alt=\"\" loading=\"lazy\" srcset=\"https:\/\/linitiative.ca\/International\/wp-content\/uploads\/sites\/23\/2022\/01\/Mon-Maroc-594-x-350.jpg 594w, https:\/\/www.challenge.ma\/wp-content\/uploads\/2022\/01\/Mon-Maroc-594-x-350-300x177.jpg 300w, https:\/\/www.challenge.ma\/wp-content\/uploads\/2022\/01\/Mon-Maroc-594-x-350-360x212.jpg 360w\" sizes=\"auto, (max-width: 594px) 100vw, 594px\" itemprop=\"image\">Un opus en hommage aux op\u00e9rateurs du tourisme s\u2019intitulant \u00abMon Maroc\u00bb, c\u2019est ce que vient fra\u00eechement de publier Ahlam Jebbar. Elle entend dans ce livre mettre en lumi\u00e8re une profession tr\u00e8s impact\u00e9e par la crise \u00e9conomique r\u00e9sultant de la pand\u00e9mie li\u00e9e \u00e0 la covid-19. \u00abCet ouvrage de 240 pages se<\/div>\n<p>Auteur: challenge<br \/>\n<a href=\"https:\/\/www.challenge.ma\/maroc-un-livre-hommage-dedie-aux-operateurs-du-tourisme-signe-ahlam-jebbar-231369\/\">Cliquez ici pour lire l&rsquo;article depuis sa source.<\/a><\/p>\n","protected":false},"excerpt":{"rendered":"<p>Un opus en hommage aux op\u00e9rateurs du tourisme s\u2019intitulant \u00abMon Maroc\u00bb, c\u2019est ce que vient fra\u00eechement de publier Ahlam Jebbar. Elle entend dans ce livre mettre en lumi\u00e8re une profession tr\u00e8s impact\u00e9e par la crise \u00e9conomique r\u00e9sultant de la pand\u00e9mie li\u00e9e \u00e0 la covid-19. \u00abCet ouvrage de 240 pages se Auteur: challenge Cliquez ici pour [&hellip;]<\/p>\n","protected":false},"author":1787,"featured_media":0,"comment_status":"closed","ping_status":"closed","sticky":false,"template":"","format":"standard","meta":{"fifu_image_url":"https:\/\/www.challenge.ma\/wp-content\/uploads\/2022\/01\/Mon-Maroc-594-x-350.jpg","fifu_image_alt":"Maroc. Un livre hommage d\u00e9di\u00e9 aux op\u00e9rateurs du tourisme sign\u00e9 Ahlam Jebbar","footnotes":""},"categories":[78,54],"tags":[],"class_list":["post-139400","post","type-post","status-publish","format-standard","hentry","category-economie","category-maroc"],"_links":{"self":[{"href":"https:\/\/linitiative.ca\/International\/wp-json\/wp\/v2\/posts\/139400","targetHints":{"allow":["GET"]}}],"collection":[{"href":"https:\/\/linitiative.ca\/International\/wp-json\/wp\/v2\/posts"}],"about":[{"href":"https:\/\/linitiative.ca\/International\/wp-json\/wp\/v2\/types\/post"}],"author":[{"embeddable":true,"href":"https:\/\/linitiative.ca\/International\/wp-json\/wp\/v2\/users\/1787"}],"replies":[{"embeddable":true,"href":"https:\/\/linitiative.ca\/International\/wp-json\/wp\/v2\/comments?post=139400"}],"version-history":[{"count":0,"href":"https:\/\/linitiative.ca\/International\/wp-json\/wp\/v2\/posts\/139400\/revisions"}],"wp:attachment":[{"href":"https:\/\/linitiative.ca\/International\/wp-json\/wp\/v2\/media?parent=139400"}],"wp:term":[{"taxonomy":"category","embeddable":true,"href":"https:\/\/linitiative.ca\/International\/wp-json\/wp\/v2\/categories?post=139400"},{"taxonomy":"post_tag","embeddable":true,"href":"https:\/\/linitiative.ca\/International\/wp-json\/wp\/v2\/tags?post=139400"}],"curies":[{"name":"wp","href":"https:\/\/api.w.org\/{rel}","templated":true}]}}