{"id":139406,"date":"2022-01-25T15:46:21","date_gmt":"2022-01-25T20:46:21","guid":{"rendered":"https:\/\/linitiative.ca\/International\/tunisie-lutap-denonce-le-manque-de-controle-des-canaux-de-distribution-des-ammonites\/"},"modified":"2022-01-25T15:46:21","modified_gmt":"2022-01-25T20:46:21","slug":"tunisie-lutap-denonce-le-manque-de-controle-des-canaux-de-distribution-des-ammonites","status":"publish","type":"post","link":"https:\/\/linitiative.ca\/International\/tunisie-lutap-denonce-le-manque-de-controle-des-canaux-de-distribution-des-ammonites\/","title":{"rendered":"Tunisie : L\u2019UTAP d\u00e9nonce le manque de contr\u00f4le des canaux de distribution des ammonites"},"content":{"rendered":"<div>\n<p>Dans un communiqu\u00e9 publi\u00e9 \u00e0 l\u2019issue de sa r\u00e9union p\u00e9riodique tenue ce mardi 25 janvier 2022, l\u2019Union Tunisienne de l\u2019Agriculture et de la P\u00eache \u2013UTAP a tenu les autorit\u00e9s concern\u00e9es responsables du manque de contr\u00f4le des voies d\u2019approvisionnement des ammonites et la s\u00e9curisation des besoins des agriculteurs, exprimant la crainte que cette p\u00e9nurie n\u2019affecte d\u2019autres [\u2026]<\/p>\n<p>L\u2019article <a href=\"https:\/\/www.tunisienumerique.com\/tunisie-lutap-denonce-le-manque-de-controle-des-canaux-de-distribution-des-ammonites\/\">Tunisie : L\u2019UTAP d\u00e9nonce le manque de contr\u00f4le des canaux de distribution des ammonites<\/a> est apparu en premier sur <a href=\"https:\/\/www.tunisienumerique.com\/\">Tunisie<\/a>.<\/p>\n<\/div>\n<p>Auteur: rania ben slimane<br \/>\n<a href=\"https:\/\/www.tunisienumerique.com\/tunisie-lutap-denonce-le-manque-de-controle-des-canaux-de-distribution-des-ammonites\/\">Cliquez ici pour lire l&rsquo;article depuis sa source.<\/a><\/p>\n","protected":false},"excerpt":{"rendered":"<p>Dans un communiqu\u00e9 publi\u00e9 \u00e0 l\u2019issue de sa r\u00e9union p\u00e9riodique tenue ce mardi 25 janvier 2022, l\u2019Union Tunisienne de l\u2019Agriculture et de la P\u00eache \u2013UTAP a tenu les autorit\u00e9s concern\u00e9es responsables du manque de contr\u00f4le des voies d\u2019approvisionnement des ammonites et la s\u00e9curisation des besoins des agriculteurs, exprimant la crainte que cette p\u00e9nurie n\u2019affecte d\u2019autres [&hellip;]<\/p>\n","protected":false},"author":1789,"featured_media":0,"comment_status":"closed","ping_status":"closed","sticky":false,"template":"","format":"standard","meta":{"fifu_image_url":"","fifu_image_alt":"","footnotes":""},"categories":[73,55],"tags":[],"class_list":["post-139406","post","type-post","status-publish","format-standard","hentry","category-actualite","category-tunisie"],"_links":{"self":[{"href":"https:\/\/linitiative.ca\/International\/wp-json\/wp\/v2\/posts\/139406","targetHints":{"allow":["GET"]}}],"collection":[{"href":"https:\/\/linitiative.ca\/International\/wp-json\/wp\/v2\/posts"}],"about":[{"href":"https:\/\/linitiative.ca\/International\/wp-json\/wp\/v2\/types\/post"}],"author":[{"embeddable":true,"href":"https:\/\/linitiative.ca\/International\/wp-json\/wp\/v2\/users\/1789"}],"replies":[{"embeddable":true,"href":"https:\/\/linitiative.ca\/International\/wp-json\/wp\/v2\/comments?post=139406"}],"version-history":[{"count":0,"href":"https:\/\/linitiative.ca\/International\/wp-json\/wp\/v2\/posts\/139406\/revisions"}],"wp:attachment":[{"href":"https:\/\/linitiative.ca\/International\/wp-json\/wp\/v2\/media?parent=139406"}],"wp:term":[{"taxonomy":"category","embeddable":true,"href":"https:\/\/linitiative.ca\/International\/wp-json\/wp\/v2\/categories?post=139406"},{"taxonomy":"post_tag","embeddable":true,"href":"https:\/\/linitiative.ca\/International\/wp-json\/wp\/v2\/tags?post=139406"}],"curies":[{"name":"wp","href":"https:\/\/api.w.org\/{rel}","templated":true}]}}