{"id":139408,"date":"2022-01-25T16:11:17","date_gmt":"2022-01-25T21:11:17","guid":{"rendered":"https:\/\/linitiative.ca\/International\/can-2021-mise-a-jour-du-programme-des-1-4-de-finale\/"},"modified":"2022-01-25T16:11:17","modified_gmt":"2022-01-25T21:11:17","slug":"can-2021-mise-a-jour-du-programme-des-1-4-de-finale","status":"publish","type":"post","link":"https:\/\/linitiative.ca\/International\/can-2021-mise-a-jour-du-programme-des-1-4-de-finale\/","title":{"rendered":"CAN 2021 : Mise \u00e0 jour du programme des 1\/4 de finale"},"content":{"rendered":"<div>\n<p>Apr\u00e8s la qualification du S\u00e9n\u00e9gal et le Maroc, d\u00e9couvrez le programme d\u00e9taill\u00e9 des 1\/4 de finale de la CAN 2021, qui se tiendront le week-end du 29 et 30 janvier prochain : * Samedi 29 janvier \u2013 1er 1\/4 : Gambie 17h00 Cameroun (stade Ahmadou-Ahidjo \u00e0 Yaound\u00e9) ; \u2013 2e 1\/4 : Tunisie 20h00 Burkina [\u2026]<\/p>\n<p>L\u2019article <a href=\"https:\/\/sport.tunisienumerique.com\/can-2021-mise-a-jour-du-programme-des-1-4-de-finale\/\">CAN 2021 : Mise \u00e0 jour du programme des 1\/4 de finale<\/a> est apparu en premier sur <a href=\"https:\/\/www.tunisienumerique.com\/\">Tunisie<\/a>.<\/p>\n<\/div>\n<p>Auteur: Hamza Ben Khlifa<br \/>\n<a href=\"https:\/\/sport.tunisienumerique.com\/can-2021-mise-a-jour-du-programme-des-1-4-de-finale\/\">Cliquez ici pour lire l&rsquo;article depuis sa source.<\/a><\/p>\n","protected":false},"excerpt":{"rendered":"<p>Apr\u00e8s la qualification du S\u00e9n\u00e9gal et le Maroc, d\u00e9couvrez le programme d\u00e9taill\u00e9 des 1\/4 de finale de la CAN 2021, qui se tiendront le week-end du 29 et 30 janvier prochain : * Samedi 29 janvier \u2013 1er 1\/4 : Gambie 17h00 Cameroun (stade Ahmadou-Ahidjo \u00e0 Yaound\u00e9) ; \u2013 2e 1\/4 : Tunisie 20h00 Burkina [&hellip;]<\/p>\n","protected":false},"author":1789,"featured_media":0,"comment_status":"closed","ping_status":"closed","sticky":false,"template":"","format":"standard","meta":{"fifu_image_url":"","fifu_image_alt":"","footnotes":""},"categories":[73,55],"tags":[],"class_list":["post-139408","post","type-post","status-publish","format-standard","hentry","category-actualite","category-tunisie"],"_links":{"self":[{"href":"https:\/\/linitiative.ca\/International\/wp-json\/wp\/v2\/posts\/139408","targetHints":{"allow":["GET"]}}],"collection":[{"href":"https:\/\/linitiative.ca\/International\/wp-json\/wp\/v2\/posts"}],"about":[{"href":"https:\/\/linitiative.ca\/International\/wp-json\/wp\/v2\/types\/post"}],"author":[{"embeddable":true,"href":"https:\/\/linitiative.ca\/International\/wp-json\/wp\/v2\/users\/1789"}],"replies":[{"embeddable":true,"href":"https:\/\/linitiative.ca\/International\/wp-json\/wp\/v2\/comments?post=139408"}],"version-history":[{"count":0,"href":"https:\/\/linitiative.ca\/International\/wp-json\/wp\/v2\/posts\/139408\/revisions"}],"wp:attachment":[{"href":"https:\/\/linitiative.ca\/International\/wp-json\/wp\/v2\/media?parent=139408"}],"wp:term":[{"taxonomy":"category","embeddable":true,"href":"https:\/\/linitiative.ca\/International\/wp-json\/wp\/v2\/categories?post=139408"},{"taxonomy":"post_tag","embeddable":true,"href":"https:\/\/linitiative.ca\/International\/wp-json\/wp\/v2\/tags?post=139408"}],"curies":[{"name":"wp","href":"https:\/\/api.w.org\/{rel}","templated":true}]}}