{"id":139411,"date":"2022-01-25T13:05:18","date_gmt":"2022-01-25T18:05:18","guid":{"rendered":"https:\/\/linitiative.ca\/International\/139411-2\/"},"modified":"2022-01-25T13:05:18","modified_gmt":"2022-01-25T18:05:18","slug":"139411-2","status":"publish","type":"post","link":"https:\/\/linitiative.ca\/International\/139411-2\/","title":{"rendered":""},"content":{"rendered":"<div>\n<p><img decoding=\"async\" width=\"1137\" height=\"636\" src=\"https:\/\/linitiative.ca\/International\/wp-content\/uploads\/sites\/23\/2022\/01\/lepaysresponsive-5.png\" class=\"attachment- default-featured-img\" alt=\"\" loading=\"lazy\" srcset=\"https:\/\/linitiative.ca\/International\/wp-content\/uploads\/sites\/23\/2022\/01\/lepaysresponsive-5.png 1137w, https:\/\/lepays.bf\/wp-content\/uploads\/2017\/07\/lepaysresponsive-300x168.png 300w, https:\/\/lepays.bf\/wp-content\/uploads\/2017\/07\/lepaysresponsive-768x430.png 768w, https:\/\/lepays.bf\/wp-content\/uploads\/2017\/07\/lepaysresponsive-1024x573.png 1024w\" sizes=\"auto, (max-width: 1137px) 100vw, 1137px\">\u00a0 Cher neveu, Les \u00e9v\u00e8nements se sont acc\u00e9l\u00e9r\u00e9s ces derniers jours, ici, au Faso. En effet, c\u2019est la confusion totale qui r\u00e9gnait depuis la nuit du 23 janvier dernier. Tout a commenc\u00e9 par une mutinerie dans plusieurs casernes de la capitale et dans d\u2019autres villes. Des tirs bien nourris ont \u00e9t\u00e9 entendus dans des casernes \u2026<\/p>\n<p>L\u2019article <a rel=\"nofollow\" href=\"https:\/\/lepays.bf\/79539-2\/\"><\/a> est apparu en premier sur <a rel=\"nofollow\" href=\"https:\/\/lepays.bf\/\">Editions Le Pays<\/a>.<\/p>\n<\/div>\n<p>Auteur: Editions LEPAYS<br \/>\n<a href=\"https:\/\/lepays.bf\/79539-2\/\">Cliquez ici pour lire l&rsquo;article depuis sa source.<\/a><\/p>\n","protected":false},"excerpt":{"rendered":"<p>\u00a0 Cher neveu, Les \u00e9v\u00e8nements se sont acc\u00e9l\u00e9r\u00e9s ces derniers jours, ici, au Faso. En effet, c\u2019est la confusion totale qui r\u00e9gnait depuis la nuit du 23 janvier dernier. Tout a commenc\u00e9 par une mutinerie dans plusieurs casernes de la capitale et dans d\u2019autres villes. Des tirs bien nourris ont \u00e9t\u00e9 entendus dans des casernes [&hellip;]<\/p>\n","protected":false},"author":1813,"featured_media":0,"comment_status":"closed","ping_status":"closed","sticky":false,"template":"","format":"standard","meta":{"fifu_image_url":"https:\/\/lepays.bf\/wp-content\/uploads\/2017\/07\/lepaysresponsive.png","fifu_image_alt":"","footnotes":""},"categories":[73,81],"tags":[],"class_list":["post-139411","post","type-post","status-publish","format-standard","hentry","category-actualite","category-burkina-faso"],"_links":{"self":[{"href":"https:\/\/linitiative.ca\/International\/wp-json\/wp\/v2\/posts\/139411","targetHints":{"allow":["GET"]}}],"collection":[{"href":"https:\/\/linitiative.ca\/International\/wp-json\/wp\/v2\/posts"}],"about":[{"href":"https:\/\/linitiative.ca\/International\/wp-json\/wp\/v2\/types\/post"}],"author":[{"embeddable":true,"href":"https:\/\/linitiative.ca\/International\/wp-json\/wp\/v2\/users\/1813"}],"replies":[{"embeddable":true,"href":"https:\/\/linitiative.ca\/International\/wp-json\/wp\/v2\/comments?post=139411"}],"version-history":[{"count":0,"href":"https:\/\/linitiative.ca\/International\/wp-json\/wp\/v2\/posts\/139411\/revisions"}],"wp:attachment":[{"href":"https:\/\/linitiative.ca\/International\/wp-json\/wp\/v2\/media?parent=139411"}],"wp:term":[{"taxonomy":"category","embeddable":true,"href":"https:\/\/linitiative.ca\/International\/wp-json\/wp\/v2\/categories?post=139411"},{"taxonomy":"post_tag","embeddable":true,"href":"https:\/\/linitiative.ca\/International\/wp-json\/wp\/v2\/tags?post=139411"}],"curies":[{"name":"wp","href":"https:\/\/api.w.org\/{rel}","templated":true}]}}