{"id":139413,"date":"2022-01-25T13:12:37","date_gmt":"2022-01-25T18:12:37","guid":{"rendered":"https:\/\/linitiative.ca\/International\/les-militaires-au-pouvoir-au-burkina-au-front-maintenant\/"},"modified":"2022-01-25T13:12:37","modified_gmt":"2022-01-25T18:12:37","slug":"les-militaires-au-pouvoir-au-burkina-au-front-maintenant","status":"publish","type":"post","link":"https:\/\/linitiative.ca\/International\/les-militaires-au-pouvoir-au-burkina-au-front-maintenant\/","title":{"rendered":"LES MILITAIRES AU POUVOIR AU BURKINA : Au front maintenant\u00a0!"},"content":{"rendered":"<div>\n<p><img decoding=\"async\" width=\"425\" height=\"442\" src=\"https:\/\/linitiative.ca\/International\/wp-content\/uploads\/sites\/23\/2022\/01\/01-3-4.jpg\" class=\"attachment- size- wp-post-image\" alt=\"\" loading=\"lazy\" style=\"float:left; margin:0 15px 15px 0;\" srcset=\"https:\/\/linitiative.ca\/International\/wp-content\/uploads\/sites\/23\/2022\/01\/01-3-4.jpg 425w, https:\/\/lepays.bf\/wp-content\/uploads\/2022\/01\/01-3-4-288x300.jpg 288w\" sizes=\"auto, (max-width: 425px) 100vw, 425px\">Les Burkinab\u00e8 se sont lev\u00e9s, le 24 janvier 2022, sous un soleil nouveau, autre que celui du Mouvement du peuple pour le progr\u00e8s (MPP), entre espoirs et inqui\u00e9tudes. Le pouvoir du pr\u00e9sident Roch Marc Christian Kabor\u00e9 (RMCK) s\u2019est \u00e9vanoui, la veille, dans la nuit noire au son des bruits de bottes et dans la clameur \u2026<\/p>\n<p>L\u2019article <a rel=\"nofollow\" href=\"https:\/\/lepays.bf\/les-militaires-au-pouvoir-au-burkina-au-front-maintenant\/\">LES MILITAIRES AU POUVOIR AU BURKINA : Au front maintenant\u00a0!<\/a> est apparu en premier sur <a rel=\"nofollow\" href=\"https:\/\/lepays.bf\/\">Editions Le Pays<\/a>.<\/p>\n<\/div>\n<p>Auteur: Editions LEPAYS<br \/>\n<a href=\"https:\/\/lepays.bf\/les-militaires-au-pouvoir-au-burkina-au-front-maintenant\/\">Cliquez ici pour lire l&rsquo;article depuis sa source.<\/a><\/p>\n","protected":false},"excerpt":{"rendered":"<p>Les Burkinab\u00e8 se sont lev\u00e9s, le 24 janvier 2022, sous un soleil nouveau, autre que celui du Mouvement du peuple pour le progr\u00e8s (MPP), entre espoirs et inqui\u00e9tudes. Le pouvoir du pr\u00e9sident Roch Marc Christian Kabor\u00e9 (RMCK) s\u2019est \u00e9vanoui, la veille, dans la nuit noire au son des bruits de bottes et dans la clameur [&hellip;]<\/p>\n","protected":false},"author":1813,"featured_media":0,"comment_status":"closed","ping_status":"closed","sticky":false,"template":"","format":"standard","meta":{"fifu_image_url":"https:\/\/lepays.bf\/wp-content\/uploads\/2022\/01\/01-3-4.jpg","fifu_image_alt":"LES MILITAIRES AU POUVOIR AU BURKINA : Au front maintenant\u00a0!","footnotes":""},"categories":[73,81],"tags":[],"class_list":["post-139413","post","type-post","status-publish","format-standard","hentry","category-actualite","category-burkina-faso"],"_links":{"self":[{"href":"https:\/\/linitiative.ca\/International\/wp-json\/wp\/v2\/posts\/139413","targetHints":{"allow":["GET"]}}],"collection":[{"href":"https:\/\/linitiative.ca\/International\/wp-json\/wp\/v2\/posts"}],"about":[{"href":"https:\/\/linitiative.ca\/International\/wp-json\/wp\/v2\/types\/post"}],"author":[{"embeddable":true,"href":"https:\/\/linitiative.ca\/International\/wp-json\/wp\/v2\/users\/1813"}],"replies":[{"embeddable":true,"href":"https:\/\/linitiative.ca\/International\/wp-json\/wp\/v2\/comments?post=139413"}],"version-history":[{"count":0,"href":"https:\/\/linitiative.ca\/International\/wp-json\/wp\/v2\/posts\/139413\/revisions"}],"wp:attachment":[{"href":"https:\/\/linitiative.ca\/International\/wp-json\/wp\/v2\/media?parent=139413"}],"wp:term":[{"taxonomy":"category","embeddable":true,"href":"https:\/\/linitiative.ca\/International\/wp-json\/wp\/v2\/categories?post=139413"},{"taxonomy":"post_tag","embeddable":true,"href":"https:\/\/linitiative.ca\/International\/wp-json\/wp\/v2\/tags?post=139413"}],"curies":[{"name":"wp","href":"https:\/\/api.w.org\/{rel}","templated":true}]}}