{"id":139415,"date":"2022-01-25T13:21:14","date_gmt":"2022-01-25T18:21:14","guid":{"rendered":"https:\/\/linitiative.ca\/International\/demande-de-revision-des-accords-de-defense-et-de-cooperation-militaire-avec-paris-bamako-est-dans-son-bon-droit\/"},"modified":"2022-01-25T13:21:14","modified_gmt":"2022-01-25T18:21:14","slug":"demande-de-revision-des-accords-de-defense-et-de-cooperation-militaire-avec-paris-bamako-est-dans-son-bon-droit","status":"publish","type":"post","link":"https:\/\/linitiative.ca\/International\/demande-de-revision-des-accords-de-defense-et-de-cooperation-militaire-avec-paris-bamako-est-dans-son-bon-droit\/","title":{"rendered":"DEMANDE DE REVISION DES ACCORDS DE DEFENSE ET DE COOPERATION MILITAIRE AVEC PARIS: Bamako est dans son bon droit"},"content":{"rendered":"<div>\n<p><img decoding=\"async\" width=\"770\" height=\"616\" src=\"https:\/\/linitiative.ca\/International\/wp-content\/uploads\/sites\/23\/2022\/01\/Drapeau-France-Mali.jpeg\" class=\"attachment- size- wp-post-image\" alt=\"\" loading=\"lazy\" style=\"float:left; margin:0 15px 15px 0;\" srcset=\"https:\/\/linitiative.ca\/International\/wp-content\/uploads\/sites\/23\/2022\/01\/Drapeau-France-Mali.jpeg 770w, https:\/\/lepays.bf\/wp-content\/uploads\/2022\/01\/Drapeau-France-Mali-300x240.jpeg 300w, https:\/\/lepays.bf\/wp-content\/uploads\/2022\/01\/Drapeau-France-Mali-768x614.jpeg 768w\" sizes=\"auto, (max-width: 770px) 100vw, 770px\">En pleines tensions politiques avec la France, Bamako veut ren\u00e9gocier ses accords de d\u00e9fense et de coop\u00e9ration militaire avec Paris. Une volont\u00e9 officiellement affich\u00e9e et traduite en acte en fin d\u2019ann\u00e9e derni\u00e8re et dont les autorit\u00e9s maliennes attendent une r\u00e9ponse de l\u2019Hexagone. Dans le m\u00eame temps, les autorit\u00e9s de la Transition ont exig\u00e9 le d\u00e9part \u2026<\/p>\n<p>L\u2019article <a rel=\"nofollow\" href=\"https:\/\/lepays.bf\/demande-de-revision-des-accords-de-defense-et-de-cooperation-militaire-avec-paris-bamako-est-dans-son-bon-droit\/\">DEMANDE DE REVISION DES ACCORDS DE DEFENSE ET DE COOPERATION MILITAIRE AVEC PARIS: Bamako est dans son bon droit<\/a> est apparu en premier sur <a rel=\"nofollow\" href=\"https:\/\/lepays.bf\/\">Editions Le Pays<\/a>.<\/p>\n<\/div>\n<p>Auteur: Editions LEPAYS<br \/>\n<a href=\"https:\/\/lepays.bf\/demande-de-revision-des-accords-de-defense-et-de-cooperation-militaire-avec-paris-bamako-est-dans-son-bon-droit\/\">Cliquez ici pour lire l&rsquo;article depuis sa source.<\/a><\/p>\n","protected":false},"excerpt":{"rendered":"<p>En pleines tensions politiques avec la France, Bamako veut ren\u00e9gocier ses accords de d\u00e9fense et de coop\u00e9ration militaire avec Paris. Une volont\u00e9 officiellement affich\u00e9e et traduite en acte en fin d\u2019ann\u00e9e derni\u00e8re et dont les autorit\u00e9s maliennes attendent une r\u00e9ponse de l\u2019Hexagone. Dans le m\u00eame temps, les autorit\u00e9s de la Transition ont exig\u00e9 le d\u00e9part [&hellip;]<\/p>\n","protected":false},"author":1813,"featured_media":0,"comment_status":"closed","ping_status":"closed","sticky":false,"template":"","format":"standard","meta":{"fifu_image_url":"https:\/\/lepays.bf\/wp-content\/uploads\/2022\/01\/Drapeau-France-Mali.jpeg","fifu_image_alt":"DEMANDE DE REVISION DES ACCORDS DE DEFENSE ET DE COOPERATION MILITAIRE AVEC PARIS: Bamako est dans son bon droit","footnotes":""},"categories":[73,81],"tags":[],"class_list":["post-139415","post","type-post","status-publish","format-standard","hentry","category-actualite","category-burkina-faso"],"_links":{"self":[{"href":"https:\/\/linitiative.ca\/International\/wp-json\/wp\/v2\/posts\/139415","targetHints":{"allow":["GET"]}}],"collection":[{"href":"https:\/\/linitiative.ca\/International\/wp-json\/wp\/v2\/posts"}],"about":[{"href":"https:\/\/linitiative.ca\/International\/wp-json\/wp\/v2\/types\/post"}],"author":[{"embeddable":true,"href":"https:\/\/linitiative.ca\/International\/wp-json\/wp\/v2\/users\/1813"}],"replies":[{"embeddable":true,"href":"https:\/\/linitiative.ca\/International\/wp-json\/wp\/v2\/comments?post=139415"}],"version-history":[{"count":0,"href":"https:\/\/linitiative.ca\/International\/wp-json\/wp\/v2\/posts\/139415\/revisions"}],"wp:attachment":[{"href":"https:\/\/linitiative.ca\/International\/wp-json\/wp\/v2\/media?parent=139415"}],"wp:term":[{"taxonomy":"category","embeddable":true,"href":"https:\/\/linitiative.ca\/International\/wp-json\/wp\/v2\/categories?post=139415"},{"taxonomy":"post_tag","embeddable":true,"href":"https:\/\/linitiative.ca\/International\/wp-json\/wp\/v2\/tags?post=139415"}],"curies":[{"name":"wp","href":"https:\/\/api.w.org\/{rel}","templated":true}]}}