{"id":139418,"date":"2022-01-25T17:29:07","date_gmt":"2022-01-25T22:29:07","guid":{"rendered":"https:\/\/linitiative.ca\/International\/situation-nationale-les-deux-engagements-cles-du-mpsr\/"},"modified":"2022-01-25T17:29:07","modified_gmt":"2022-01-25T22:29:07","slug":"situation-nationale-les-deux-engagements-cles-du-mpsr","status":"publish","type":"post","link":"https:\/\/linitiative.ca\/International\/situation-nationale-les-deux-engagements-cles-du-mpsr\/","title":{"rendered":"Situation nationale : Les deux engagements cl\u00e9s  du MPSR"},"content":{"rendered":"<div>\n<p><strong>Dans l\u2019annonce de leur prise du pouvoir par les armes, lundi 24 janvier 2022, les militaires auteurs du coup d\u2019Etat ont exprim\u00e9 leur disposition \u00e0 respecter les droits de l\u2019homme et \u00e0 revenir \u00e0 l\u2019ordre constitutionnel, dans un d\u00e9lai raisonnable.<\/strong><\/p>\n<p>La communaut\u00e9 internationale ne tol\u00e8re pas les attaques \u00e0 l\u2019ordre constitutionnel et manifeste d\u00e9j\u00e0 son hostilit\u00e9 \u00e0 l\u2019endroit des militaires qui ont officiellement annonc\u00e9 avoir renvers\u00e9 le pouvoir du pr\u00e9sident Roch Marc Christian Kabor\u00e9, le 24 janvier 2022 \u00e0 Ouagadougou. Prenant les devants d\u00e8s l\u2019annonce du putsch, le Mouvement patriotique pour la Sauvegarde et la Restauration (MPSR) s\u2019est engag\u00e9 \u00e0 respecter les droits de l\u2019homme et \u00e0 \u0153uvrer au retour \u00e0 un ordre constitutionnel au pays.<\/p>\n<p>En effet, le MPSR a tent\u00e9 de rassurer les partenaires et amis du Burkina Faso de la \u00ab\u00a0ferme volont\u00e9\u00a0\u00bb du Burkina Faso qu\u2019il contr\u00f4le d\u00e9sormais \u00ab de continuer \u00e0 respecter ses engagements internationaux, notamment en mati\u00e8re des droits de l\u2019homme\u00a0\u00bb. A travers un communiqu\u00e9 lu \u00e0 la t\u00e9l\u00e9vision publique, les militaires se sont aussi engag\u00e9s \u00e0 proposer un calendrier de retour \u00e0 un ordre constitutionnel \u00ab dans un d\u00e9lai raisonnable\u00a0\u00bb et \u00ab\u00a0apr\u00e8s consultation des forces vives de la nation\u00a0\u00bb.<\/p>\n<p>Par ailleurs, les nouveaux hommes forts du pays ont tenu \u00e0 souligner que le coup de force s\u2019est op\u00e9r\u00e9 sans effusion de sang. \u00ab\u00a0Les personnes arr\u00eat\u00e9es (\u2026) sont d\u00e9tenues dans un lieu s\u00fbr et dans le respect de leur dignit\u00e9\u00a0\u00bb, clament les militaires. La Communaut\u00e9 \u00e9conomique des Etats de l\u2019Afrique de l\u2019Ouest (CEDEAO) qui a lourdement sanctionn\u00e9 la junte au pouvoir au Mali, a d\u00e9j\u00e0 condamn\u00e9 l\u2019action des militaires \u00e0 Ouagadougou qu\u2019elle qualifie \u00ab\u00a0d\u2019acte d\u2019une extr\u00eame gravit\u00e9 qui ne saurait \u00eatre tol\u00e9r\u00e9\u00a0\u00bb.<\/p>\n<p>Elle pr\u00e9voit un sommet extraordinaire sur le Burkina. De m\u00eame, l\u2019Union africaine, l\u2019Union europ\u00e9enne et les Nations unies ont exprim\u00e9 leur opposition \u00e0 la rupture avec la normalit\u00e9 constitutionnelle. Quant aux militaires, ils soutiennent avoir pris le pouvoir dans le seul but de lutter pour redresser le pays et reconqu\u00e9rir l\u2019int\u00e9grit\u00e9 du pays mise \u00e0 mal par des attaques terroristes r\u00e9currentes depuis 2015. \u00ab Les \u00e9v\u00e9nements d\u2019aujourd\u2019hui annoncent une nouvelle \u00e8re pour le Burkina Faso \u00bb, selon les militaires qui ne se doutent point qu\u2019ils affronteront dans les jours qui viennent des forces de l\u2019int\u00e9rieur tout comme de l\u2019ext\u00e9rieur.<\/p>\n<p style=\"text-align: right\"><strong>Aim\u00e9 Mouor KAMBIRE<\/strong><\/p>\n<p>L\u2019article <a rel=\"nofollow\" href=\"https:\/\/www.sidwaya.info\/blog\/2022\/01\/25\/situation-nationale-les-deux-engagements-cles-du-mpsr\/\">Situation nationale : Les deux engagements cl\u00e9s  du MPSR<\/a> est apparu en premier sur <a rel=\"nofollow\" href=\"https:\/\/www.sidwaya.info\/\">Quotidien Sidwaya<\/a>.<\/p>\n<\/div>\n<p>Auteur: JK. Sidwaya<br \/>\n<a href=\"https:\/\/www.sidwaya.info\/blog\/2022\/01\/25\/situation-nationale-les-deux-engagements-cles-du-mpsr\/?utm_source=rss&#038;utm_medium=rss&#038;utm_campaign=situation-nationale-les-deux-engagements-cles-du-mpsr\">Cliquez ici pour lire l&rsquo;article depuis sa source.<\/a><\/p>\n","protected":false},"excerpt":{"rendered":"<p>Dans l\u2019annonce de leur prise du pouvoir par les armes, lundi 24 janvier 2022, les militaires auteurs du coup d\u2019Etat ont exprim\u00e9 leur disposition \u00e0 respecter les droits de l\u2019homme et \u00e0 revenir \u00e0 l\u2019ordre constitutionnel, dans un d\u00e9lai raisonnable. La communaut\u00e9 internationale ne tol\u00e8re pas les attaques \u00e0 l\u2019ordre constitutionnel et manifeste d\u00e9j\u00e0 son [&hellip;]<\/p>\n","protected":false},"author":1816,"featured_media":0,"comment_status":"closed","ping_status":"closed","sticky":false,"template":"","format":"standard","meta":{"fifu_image_url":"","fifu_image_alt":"","footnotes":""},"categories":[73,81],"tags":[],"class_list":["post-139418","post","type-post","status-publish","format-standard","hentry","category-actualite","category-burkina-faso"],"_links":{"self":[{"href":"https:\/\/linitiative.ca\/International\/wp-json\/wp\/v2\/posts\/139418","targetHints":{"allow":["GET"]}}],"collection":[{"href":"https:\/\/linitiative.ca\/International\/wp-json\/wp\/v2\/posts"}],"about":[{"href":"https:\/\/linitiative.ca\/International\/wp-json\/wp\/v2\/types\/post"}],"author":[{"embeddable":true,"href":"https:\/\/linitiative.ca\/International\/wp-json\/wp\/v2\/users\/1816"}],"replies":[{"embeddable":true,"href":"https:\/\/linitiative.ca\/International\/wp-json\/wp\/v2\/comments?post=139418"}],"version-history":[{"count":0,"href":"https:\/\/linitiative.ca\/International\/wp-json\/wp\/v2\/posts\/139418\/revisions"}],"wp:attachment":[{"href":"https:\/\/linitiative.ca\/International\/wp-json\/wp\/v2\/media?parent=139418"}],"wp:term":[{"taxonomy":"category","embeddable":true,"href":"https:\/\/linitiative.ca\/International\/wp-json\/wp\/v2\/categories?post=139418"},{"taxonomy":"post_tag","embeddable":true,"href":"https:\/\/linitiative.ca\/International\/wp-json\/wp\/v2\/tags?post=139418"}],"curies":[{"name":"wp","href":"https:\/\/api.w.org\/{rel}","templated":true}]}}