{"id":139421,"date":"2022-01-25T17:42:54","date_gmt":"2022-01-25T22:42:54","guid":{"rendered":"https:\/\/linitiative.ca\/International\/amado-sore-la-mascotte-qui-fait-la-fierte-du-burkina-au-cameroun\/"},"modified":"2022-01-25T17:42:54","modified_gmt":"2022-01-25T22:42:54","slug":"amado-sore-la-mascotte-qui-fait-la-fierte-du-burkina-au-cameroun","status":"publish","type":"post","link":"https:\/\/linitiative.ca\/International\/amado-sore-la-mascotte-qui-fait-la-fierte-du-burkina-au-cameroun\/","title":{"rendered":"Amado Sor\u00e9 : La mascotte qui fait la fiert\u00e9 du Burkina au Cameroun"},"content":{"rendered":"<div>\n<p><strong>Avec ses deux titres de meilleur supporter jusque l\u00e0, Amado Sor\u00e9 est aussi l\u2019une des satisfactions, c\u00f4t\u00e9 burkinab\u00e8 de la 33e CAN. Il fait la fiert\u00e9 du pays des Hommes int\u00e8gres. <\/strong><\/p>\n<p>Il ne passe pas inaper\u00e7u dans les rues camerounaises ou dans les stades du pays de Paul Biya. Il s\u2019agit d\u2019Amado Sor\u00e9, la mascotte des Etalons. De par son accoutrement atypique, il force l\u2019admiration. Il a \u00e9t\u00e9 \u00e9lu meilleur supporteur lors des matchs Burkina Faso \u2013 Cap Vert et Burkina Faso \u2013 Ethiopie.<\/p>\n<p>\u00ab Je suis content et fier de cette double r\u00e9compense qui prouve que notre travail est appr\u00e9ci\u00e9 et bien suivi \u00bb se r\u00e9jouit-il. Tr\u00e8s sollicit\u00e9 pour des prises de vue \u00e0 la CAN camerounaise, Amado Sor\u00e9 est un vrai ambassadeur du Burkina dans le pays de Paul Biya. Chaussure de cow-boy, tenue aux galons de l\u2019arm\u00e9e nord-cor\u00e9enne, un bonnet portant les trois calebasses constituent entre autres l\u2019accoutrement de \u00ab combat \u00bb de la mascotte des Etalons. \u00ab Pour m\u2019habiller, c\u2019est compliqu\u00e9.<\/p>\n<p><img decoding=\"async\" loading=\"lazy\" class=\"size-medium wp-image-44739 alignleft\" src=\"https:\/\/linitiative.ca\/International\/wp-content\/uploads\/sites\/23\/2022\/01\/amadosore-300x207-1.gif\" alt=\"\" width=\"300\" height=\"207\" srcset=\"https:\/\/linitiative.ca\/International\/wp-content\/uploads\/sites\/23\/2022\/01\/amadosore-300x207-1.gif 300w, https:\/\/www.sidwaya.info\/wp-content\/uploads\/2022\/01\/amadosore-150x104.gif 150w, https:\/\/www.sidwaya.info\/wp-content\/uploads\/2022\/01\/amadosore-218x150.gif 218w, https:\/\/www.sidwaya.info\/wp-content\/uploads\/2022\/01\/amadosore-100x70.gif 100w\" sizes=\"auto, (max-width: 300px) 100vw, 300px\">Souvent je peux prendre 30 \u00e0 45 minutes pour le faire \u00bb relate-il. Couturier de formation, il avoue avoir lui-m\u00eame confectionn\u00e9 son arsenal vestimentaire. Ni la chaleur et la lourdeur ne peuvent \u00e9branler le moral de la mascotte burkinab\u00e8. Il informe m\u00eame se sentir mieux dans ces habits. \u00ab Au contraire, alors que certains pensent que je souffre de la chaleur, moi je sens de la fraicheur \u00bb fait-il savoir.<\/p>\n<p>Cette double distinction d\u2019Amado Sor\u00e9 n\u2019a pas surpris le pr\u00e9sident d\u2019honneur de l\u2019Union nationale des supporters des Etalons (UNSE), Ablass\u00e9 Yam\u00e9ogo. Lui qui l\u2019a connu \u00e0 ses d\u00e9buts, t\u00e9moigne que c\u2019est un passionn\u00e9 qui a toujours aim\u00e9 ce qu\u2019il fait. \u00ab Il n\u2019est pas \u00e0 sa premi\u00e8re phase finale de CAN. Depuis qu\u2019il participe aux CAN, il est toujours revenu avec au moins un titre de meilleur supporter \u00bb renseigne M. Yam\u00e9ogo.<\/p>\n<p>L\u2019actuel pr\u00e9sident de cette association de supporters, Ouss\u00e9ni Tougouma, lui, voit au-del\u00e0 d\u2019Amado Sor\u00e9, un clin d\u2019\u0153il fait \u00e0 l\u2019ensemble des supporters burkinab\u00e8 pr\u00e9sents \u00e0 cette CAN \u00e0 travers ces deux distinctions. \u00ab Au de-l\u00e0 de la fiert\u00e9 que j\u2019ai pour Amado, je l\u2019ai aussi \u00e0 l\u2019ensemble des supporters burkinab\u00e8 \u00e0 cette CAN qui se donnent corps et \u00e2me pour pousser l\u2019\u00e9quipe \u00e0 la victoire \u00bb se satisfait Ouss\u00e9ni Tougouma.<\/p>\n<p style=\"text-align: right\"><strong>Yves OUEDRAOGO<\/strong><\/p>\n<p>L\u2019article <a rel=\"nofollow\" href=\"https:\/\/www.sidwaya.info\/blog\/2022\/01\/25\/amado-sore-la-mascotte-qui-fait-la-fierte-du-burkina-au-cameroun\/\">Amado Sor\u00e9 : La mascotte qui fait la fiert\u00e9 du Burkina au Cameroun<\/a> est apparu en premier sur <a rel=\"nofollow\" href=\"https:\/\/www.sidwaya.info\/\">Quotidien Sidwaya<\/a>.<\/p>\n<\/div>\n<p>Auteur: JK. Sidwaya<br \/>\n<a href=\"https:\/\/www.sidwaya.info\/blog\/2022\/01\/25\/amado-sore-la-mascotte-qui-fait-la-fierte-du-burkina-au-cameroun\/?utm_source=rss&#038;utm_medium=rss&#038;utm_campaign=amado-sore-la-mascotte-qui-fait-la-fierte-du-burkina-au-cameroun\">Cliquez ici pour lire l&rsquo;article depuis sa source.<\/a><\/p>\n","protected":false},"excerpt":{"rendered":"<p>Avec ses deux titres de meilleur supporter jusque l\u00e0, Amado Sor\u00e9 est aussi l\u2019une des satisfactions, c\u00f4t\u00e9 burkinab\u00e8 de la 33e CAN. Il fait la fiert\u00e9 du pays des Hommes int\u00e8gres. Il ne passe pas inaper\u00e7u dans les rues camerounaises ou dans les stades du pays de Paul Biya. Il s\u2019agit d\u2019Amado Sor\u00e9, la mascotte [&hellip;]<\/p>\n","protected":false},"author":1816,"featured_media":0,"comment_status":"closed","ping_status":"closed","sticky":false,"template":"","format":"standard","meta":{"fifu_image_url":"https:\/\/www.sidwaya.info\/wp-content\/uploads\/2022\/01\/amadosore-300x207.gif","fifu_image_alt":"Amado Sor\u00e9 : La mascotte qui fait la fiert\u00e9 du Burkina au Cameroun","footnotes":""},"categories":[73,81],"tags":[],"class_list":["post-139421","post","type-post","status-publish","format-standard","hentry","category-actualite","category-burkina-faso"],"_links":{"self":[{"href":"https:\/\/linitiative.ca\/International\/wp-json\/wp\/v2\/posts\/139421","targetHints":{"allow":["GET"]}}],"collection":[{"href":"https:\/\/linitiative.ca\/International\/wp-json\/wp\/v2\/posts"}],"about":[{"href":"https:\/\/linitiative.ca\/International\/wp-json\/wp\/v2\/types\/post"}],"author":[{"embeddable":true,"href":"https:\/\/linitiative.ca\/International\/wp-json\/wp\/v2\/users\/1816"}],"replies":[{"embeddable":true,"href":"https:\/\/linitiative.ca\/International\/wp-json\/wp\/v2\/comments?post=139421"}],"version-history":[{"count":0,"href":"https:\/\/linitiative.ca\/International\/wp-json\/wp\/v2\/posts\/139421\/revisions"}],"wp:attachment":[{"href":"https:\/\/linitiative.ca\/International\/wp-json\/wp\/v2\/media?parent=139421"}],"wp:term":[{"taxonomy":"category","embeddable":true,"href":"https:\/\/linitiative.ca\/International\/wp-json\/wp\/v2\/categories?post=139421"},{"taxonomy":"post_tag","embeddable":true,"href":"https:\/\/linitiative.ca\/International\/wp-json\/wp\/v2\/tags?post=139421"}],"curies":[{"name":"wp","href":"https:\/\/api.w.org\/{rel}","templated":true}]}}