{"id":139425,"date":"2022-01-25T11:18:03","date_gmt":"2022-01-25T16:18:03","guid":{"rendered":"https:\/\/linitiative.ca\/International\/cote-divoire-des-etudiants-instruits-sur-le-role-dappui-de-la-fao-a-letat\/"},"modified":"2022-01-25T11:18:03","modified_gmt":"2022-01-25T16:18:03","slug":"cote-divoire-des-etudiants-instruits-sur-le-role-dappui-de-la-fao-a-letat","status":"publish","type":"post","link":"https:\/\/linitiative.ca\/International\/cote-divoire-des-etudiants-instruits-sur-le-role-dappui-de-la-fao-a-letat\/","title":{"rendered":"C\u00f4te d\u2019Ivoire: des \u00e9tudiants instruits sur le r\u00f4le d\u2019appui de la FAO \u00e0 l\u2019Etat"},"content":{"rendered":"<div>\n<p><img decoding=\"async\" width=\"2560\" height=\"1154\" src=\"https:\/\/linitiative.ca\/International\/wp-content\/uploads\/sites\/23\/2022\/01\/16431274833992.jpg\" class=\"attachment-post-thumbnail size-post-thumbnail wp-post-image\" alt=\"\" loading=\"lazy\"><\/p>\n<p>Le repr\u00e9sentant de l&rsquo;Organisation des Nations Unies pour l&rsquo;alimentation et l&rsquo;agriculture (FAO) pour la C\u00f4te d&rsquo;Ivoire, Samy Gaiji, a partag\u00e9 mercredi dernier sa vision et le r\u00f4le d&rsquo;appui de l&rsquo;institution avec des \u00e9tudiants, \u00e0 Abidjan.<\/p>\n<p>M. Samy Gaiji a \u00e9chang\u00e9 notamment avec les \u00e9tudiants de l&rsquo;Institut Universitaire d&rsquo;Abidjan (IUA) sur le r\u00f4le d&rsquo;appui de la FAO \u00e0 la C\u00f4te d&rsquo;Ivoire en r\u00e9ponse aux besoins prioritaires dans le domaine agricole.\u00a0<\/p>\n<p>Quel est le mandat de la FAO ? Comment cette agence sp\u00e9cialis\u00e9e des Nations Unies accompagne-t-elle le gouvernement ivoirien \u00e0 r\u00e9soudre les besoins prioritaires agricoles formul\u00e9s dans le Cadre de programmation pays (CPP), telles \u00e9taient les questions abord\u00e9es. \u00a0\u00a0<\/p>\n<p>En outre, le repr\u00e9sentant de la FAO a indiqu\u00e9 comment l&rsquo;organisation contribue-t-elle, \u00e0 travers les projets qu&rsquo;elle met en \u0153uvre, \u00e0 r\u00e9pondre aux d\u00e9fis auxquels fait face l&rsquo;Etat sur la question de la souverainet\u00e9 alimentaire et particuli\u00e8rement sur les produits de grande consommation comme le riz et le tilapia.<\/p>\n<p>Il avait \u00e0 ses c\u00f4t\u00e9s une \u00e9quipe d&rsquo;experts de la repr\u00e9sentation de la FAO en C\u00f4te d&rsquo;Ivoire pour apporter les \u00e9l\u00e9ments de r\u00e9ponses \u00e0 ces \u00e9tudiants, inscrits en Master sant\u00e9 et Master \u00e9tude de d\u00e9veloppement de l&rsquo;Institut Universitaire d&rsquo;Abidjan (IUA).<\/p>\n<p>Cette s\u00e9ance d&rsquo;\u00e9change sollicit\u00e9e par les responsables de cette Universit\u00e9 s&rsquo;inscrit dans le cadre d&rsquo;un s\u00e9minaire portant sur la coordination des activit\u00e9s pour le d\u00e9veloppement et les organisations du Syst\u00e8me des Nations Unies en C\u00f4te d&rsquo;Ivoire.\u00a0<\/p>\n<p>Elle a permis d&rsquo;instruire les \u00e9tudiants sur l&rsquo;\u00e9volution de l&rsquo;organisation des Nations Unies, le r\u00f4le et les missions des agences dont la FAO et leurs engagements en C\u00f4te d&rsquo;Ivoire, dans le cadre de la r\u00e9cente r\u00e9forme du Syst\u00e8me des Nations Unies pour le D\u00e9veloppement (SNUD).<\/p>\n<p>Les repr\u00e9sentants de l&rsquo;institution ont pr\u00e9sent\u00e9 les domaines prioritaires du secteur agricole en C\u00f4te d&rsquo;Ivoire formul\u00e9s dans le Cadre de la programmation pays et pour lesquels la FAO apporte son appui. \u00a0<\/p>\n<p>Le CPP se veut un document strat\u00e9gique qui a pour but d&rsquo;identifier les domaines de collaboration entre le gouvernement de C\u00f4te d&rsquo;Ivoire et la FAO et qui d\u00e9finit la mani\u00e8re dont l&rsquo;institution peut aider au mieux \u00e0 r\u00e9aliser les priorit\u00e9s nationales de d\u00e9veloppement agricole \u00e0 moyen terme.\u00a0<\/p>\n<p>Mme Anne Marie N&rsquo;Da Kouassi, la charg\u00e9e de programme, M. Pascal Cuny, charg\u00e9 du projet Promire, et David Solano, charg\u00e9 de la mobilisation des ressources et Dr Bonny St\u00e9phane, responsable du volet nutrition ont partag\u00e9 avec les \u00e9tudiants, les diff\u00e9rents projets mis en \u0153uvre par la FAO en C\u00f4te d&rsquo;Ivoire.<\/p>\n<p>Dans une approche participative, plusieurs th\u00e9matiques ont \u00e9t\u00e9 d\u00e9velopp\u00e9es avec un accent sur les projets mis en \u0153uvre par la FAO. Ce sont, entre autres, la s\u00e9curit\u00e9 alimentaire, la nutrition, l&rsquo;agroforesterie, le cacao durable et surtout la question de la souverainet\u00e9 alimentaire.\u00a0<\/p>\n<p>\u00ab\u00a0La C\u00f4te d&rsquo;Ivoire d\u00e9pend fortement des importations de tilapia. Cette importation co\u00fbte \u00e0 l&rsquo;Etat environ 350 milliards de francs par an. Cette tendance est aussi observ\u00e9e au niveau du riz et d&rsquo;autres fili\u00e8res\u00a0\u00bb, a fait savoir M. Samy Gaiji.\u00a0<\/p>\n<p>Pourtant, fera-t-il observer, la C\u00f4te d&rsquo;Ivoire b\u00e9n\u00e9ficie de nombreux atouts non n\u00e9gligeable qui devraient lui permettre d&rsquo;\u00eatre plut\u00f4t exportateur de ces produits. Pour la FAO, il s&rsquo;agit d&rsquo;apporter un appui technique et des conseils au gouvernement en vue d&rsquo;inverser la tendance.\u00a0<\/p>\n<p>\u00ab\u00a0Nous pensons que cela est possible\u00a0\u00bb, a-t-il d\u00e9clar\u00e9, rappelant qu&rsquo;il y a quelques ann\u00e9es, la C\u00f4te d&rsquo;Ivoire importait du poulet, mais aujourd&rsquo;hui, avec les efforts du gouvernement, la production nationale parvient \u00e0 couvrir en majeur partie la demande int\u00e9rieure.\u00a0<\/p>\n<p>Selon lui, la transformation de l&rsquo;\u00e9conomie agricole ivoirienne doit se faire sur le socle d&rsquo;une production durable et r\u00e9pondant aux priorit\u00e9s nationales comme l&rsquo;autosuffisance dans le secteur de l&rsquo;aquaculture ou de la riziculture.\u00a0<\/p>\n<p>\u00ab\u00a0C&rsquo;est un objectif atteignable et la C\u00f4te d&rsquo;Ivoire dispose de nombreux atouts pour y parvenir\u00a0\u00bb, a insist\u00e9 M. Samy Gaiji, le repr\u00e9sentant de la FAO en C\u00f4te d&rsquo;Ivoire.<\/p>\n<p>Au terme de la rencontre, les \u00e9tudiants de l&rsquo;IUA ont \u00e9t\u00e9 impressionn\u00e9s par le travail remarquable de la FAO.\u00a0Diane Carine Gnago, \u00e9tudiante en Master 1 sant\u00e9, a avou\u00e9\u00a0ne pas savoir ce que la FAO mettait en \u0153uvre comme projets en vue d&rsquo;\u00e9radiquer la faim particuli\u00e8rement dans son pays.\u00a0<\/p>\n<p>\u00ab\u00a0Cette conf\u00e9rence a \u00e9t\u00e9 riche en enseignement pour moi et j&rsquo;envisage plus tard faire carri\u00e8re avec les Nations Unies\u00a0\u00bb, a ajout\u00e9 Diane.\u00a0<\/p>\n<p>Pour sa part, Y\u00e9o Kassoum, \u00e9tudiant en Master 2 sant\u00e9 qui est par ailleurs membre d&rsquo;une ONG exer\u00e7ant dans le domaine agricole, ambitionne \u00e9crire des projets \u00e0 soumettre \u00e0 la FAO dans le cadre de l&rsquo;autosuffisance de la C\u00f4te d&rsquo;Ivoire en riz.\u00a0<\/p>\n<p>\u00ab\u00a0Notre pays a de nombreux atouts. Avec de la volont\u00e9, nous pourrons assurer notre ind\u00e9pendance alimentaire\u00a0\u00bb, a-t-il laiss\u00e9 entendre<\/p>\n<p>Cet article <a rel=\"nofollow\" href=\"https:\/\/www.journalducameroun.com\/cote-divoire-des-etudiants-instruits-sur-le-role-dappui-de-la-fao-a-letat\/\">C\u00f4te d\u2019Ivoire: des \u00e9tudiants instruits sur le r\u00f4le d\u2019appui de la FAO \u00e0 l\u2019Etat<\/a> est apparu en premier sur <a rel=\"nofollow\" href=\"https:\/\/www.journalducameroun.com\/\">Journal du Cameroun<\/a>.<\/p>\n<\/div>\n<p>Auteur: APA News<br \/>\n<a href=\"https:\/\/www.journalducameroun.com\/cote-divoire-des-etudiants-instruits-sur-le-role-dappui-de-la-fao-a-letat\/\">Cliquez ici pour lire l&rsquo;article depuis sa source.<\/a><\/p>\n","protected":false},"excerpt":{"rendered":"<p>Le repr\u00e9sentant de l&rsquo;Organisation des Nations Unies pour l&rsquo;alimentation et l&rsquo;agriculture (FAO) pour la C\u00f4te d&rsquo;Ivoire, Samy Gaiji, a partag\u00e9 mercredi dernier sa vision et le r\u00f4le d&rsquo;appui de l&rsquo;institution avec des \u00e9tudiants, \u00e0 Abidjan. M. Samy Gaiji a \u00e9chang\u00e9 notamment avec les \u00e9tudiants de l&rsquo;Institut Universitaire d&rsquo;Abidjan (IUA) sur le r\u00f4le d&rsquo;appui de la [&hellip;]<\/p>\n","protected":false},"author":1965,"featured_media":0,"comment_status":"closed","ping_status":"closed","sticky":false,"template":"","format":"standard","meta":{"fifu_image_url":"https:\/\/www.journalducameroun.com\/wp-content\/uploads\/2022\/01\/16431274833992.jpg","fifu_image_alt":"C\u00f4te d\u2019Ivoire: des \u00e9tudiants instruits sur le r\u00f4le d\u2019appui de la FAO \u00e0 l\u2019Etat","footnotes":""},"categories":[73,82],"tags":[],"class_list":["post-139425","post","type-post","status-publish","format-standard","hentry","category-actualite","category-cameroun"],"_links":{"self":[{"href":"https:\/\/linitiative.ca\/International\/wp-json\/wp\/v2\/posts\/139425","targetHints":{"allow":["GET"]}}],"collection":[{"href":"https:\/\/linitiative.ca\/International\/wp-json\/wp\/v2\/posts"}],"about":[{"href":"https:\/\/linitiative.ca\/International\/wp-json\/wp\/v2\/types\/post"}],"author":[{"embeddable":true,"href":"https:\/\/linitiative.ca\/International\/wp-json\/wp\/v2\/users\/1965"}],"replies":[{"embeddable":true,"href":"https:\/\/linitiative.ca\/International\/wp-json\/wp\/v2\/comments?post=139425"}],"version-history":[{"count":0,"href":"https:\/\/linitiative.ca\/International\/wp-json\/wp\/v2\/posts\/139425\/revisions"}],"wp:attachment":[{"href":"https:\/\/linitiative.ca\/International\/wp-json\/wp\/v2\/media?parent=139425"}],"wp:term":[{"taxonomy":"category","embeddable":true,"href":"https:\/\/linitiative.ca\/International\/wp-json\/wp\/v2\/categories?post=139425"},{"taxonomy":"post_tag","embeddable":true,"href":"https:\/\/linitiative.ca\/International\/wp-json\/wp\/v2\/tags?post=139425"}],"curies":[{"name":"wp","href":"https:\/\/api.w.org\/{rel}","templated":true}]}}