{"id":139429,"date":"2022-01-25T11:30:29","date_gmt":"2022-01-25T16:30:29","guid":{"rendered":"https:\/\/linitiative.ca\/International\/cameroun-le-chef-bangangte-menace-de-rendre-aveugle-son-homologue-balengou\/"},"modified":"2022-01-25T11:30:29","modified_gmt":"2022-01-25T16:30:29","slug":"cameroun-le-chef-bangangte-menace-de-rendre-aveugle-son-homologue-balengou","status":"publish","type":"post","link":"https:\/\/linitiative.ca\/International\/cameroun-le-chef-bangangte-menace-de-rendre-aveugle-son-homologue-balengou\/","title":{"rendered":"Cameroun : le chef Bangangt\u00e9 menace de rendre aveugle son homologue Balengou"},"content":{"rendered":"<div>\n<p><img decoding=\"async\" width=\"640\" height=\"480\" src=\"https:\/\/linitiative.ca\/International\/wp-content\/uploads\/sites\/23\/2022\/01\/le-roi-Nji-Monluh-Seidou-Pokam-.jpg\" class=\"attachment-post-thumbnail size-post-thumbnail wp-post-image\" alt=\"\" loading=\"lazy\" srcset=\"https:\/\/linitiative.ca\/International\/wp-content\/uploads\/sites\/23\/2022\/01\/le-roi-Nji-Monluh-Seidou-Pokam-.jpg 640w, https:\/\/www.journalducameroun.com\/wp-content\/uploads\/2022\/01\/le-roi-Nji-Monluh-Seidou-Pokam--300x225.jpg 300w, https:\/\/www.journalducameroun.com\/wp-content\/uploads\/2022\/01\/le-roi-Nji-Monluh-Seidou-Pokam--587x440.jpg 587w, https:\/\/www.journalducameroun.com\/wp-content\/uploads\/2022\/01\/le-roi-Nji-Monluh-Seidou-Pokam--600x450.jpg 600w\" sizes=\"auto, (max-width: 640px) 100vw, 640px\"><\/p>\n<h2 style=\"text-align: justify;\">Dans un communiqu\u00e9 rendu public, le monarque du peupl\u00e9 Bangangt\u00e9 s\u2019insurge du comportement de la chefferie Balengou qui selon lui ne respecte pas leurs us et coutumes.<\/h2>\n<p style=\"text-align: justify;\">C\u2019est une affaire de succession. Mais l\u00e0, le probl\u00e8me n\u2019est pas entre les h\u00e9ritiers. Une question plut\u00f4t de violation flagrante des coutumes. C\u2019est en tout cas l\u2019avis de Sa Majest\u00e9 <strong>Nji Monluh Seidou<\/strong> Pokam, chef sup\u00e9rieur, roi des Bangangt\u00e9.<\/p>\n<p style=\"text-align: justify;\">L\u2019histoire remonte aux obs\u00e8ques de sa majest\u00e9 Marcelin Happi qui \u00e9tait alors chef du village Balengou. Comme il est de coutume dans ce terroir, en cas de d\u00e9c\u00e8s d\u2019un chef sup\u00e9rieur<strong> Balengou<\/strong>, c\u2019est au chef sup\u00e9rieur roi des Bangangt\u00e9 de proc\u00e9der \u00e0\u00a0 l\u2019installation du nouveau chef. M\u00eame chose du c\u00f4t\u00e9 de <strong>Bangangt\u00e9<\/strong> o\u00f9 ce sera alors le chef sup\u00e9rieur Balengou qui devra intervenir.<\/p>\n<p style=\"text-align: justify;\">Cette tradition ne s\u2019est pas perp\u00e9tr\u00e9e lors du d\u00e9c\u00e8s du chef Balengou, <strong>Marcelin Happi<\/strong>. La raison \u00e9voqu\u00e9e serait que le chef Marcelin Happi a sign\u00e9 avant son d\u00e9c\u00e8s et avec le chef Batcham que d\u00e9sormais, c\u2019est ce dernier qui proc\u00e9dera \u00e0 l\u2019installation du chef sup\u00e9rieur Balengou et vice versa.<\/p>\n<p style=\"text-align: justify;\">Apr\u00e8s avoir <strong>scell\u00e9 cet accord<\/strong>, ils l\u2019ont rapport\u00e9 aupr\u00e8s du Sous-pr\u00e9fet. Une d\u00e9cision prise qui selon toute vraisemblance n\u2019a jamais \u00e9t\u00e9 notifi\u00e9e aupr\u00e8s de la chefferie Bangangt\u00e9. Et pour son chef, il ne s\u2019agit ni plus ni moins que d\u2019un acte d\u2019humiliation.<\/p>\n<p style=\"text-align: justify;\">C\u2019est pour cette raison que le roi des Bangangt\u00e9 ne s\u2019est pas rendu \u00e0 l\u2019installation du nouveau chef Balengou, mais comme il explique <em>\u00ab j\u2019ai ralli\u00e9 le panth\u00e9on o\u00f9 se retrouvent mes anc\u00eatres pour leur faire part de mon humiliation. Dans une communion avec les plans spirituels ancestraux, mes a\u00efeux m\u2019ont fait savoir qu\u2019il s\u2019agit d\u2019une violation grave des pactes traditionnels unissant la chefferie Bangangt\u00e9 et Balengou \u00bb.<\/em><\/p>\n<p style=\"text-align: justify;\">Au sortir de cette concertation, le roi Nji Monluh Seidou Pokam indique qu\u2019il a re\u00e7u des recommandations applicables et irr\u00e9versibles \u00e0 l\u2019encontre de la chefferie Balengou. On retrouve parmi ces points, l\u2019interdiction des ressortissants Bangangt\u00e9 de se rendre \u00e0 la chefferie Balengou.<\/p>\n<p style=\"text-align: justify;\">Mais \u00e9galement, l\u2019interdiction du chef sup\u00e9rieure Balengou d\u2019intervenir dans l\u2019<strong>installation<\/strong> du successeur du chef sup\u00e9rieur roi des Bangangt\u00e9; au cas contraire, ce dernier deviendra aveugle.<\/p>\n<p style=\"text-align: justify;\">Et, il va plus loin pour souligner que les deux rois jusqu\u2019\u00e0 la fin des temps, ne s&rsquo;\u00e9changent plus l\u2019eau, comme pour dire qu\u2019ils ne pourront plus consommer un repas qui a \u00e9t\u00e9 appr\u00eat\u00e9 dans une m\u00eame cuisine.<\/p>\n<p style=\"text-align: justify;\">\n<p style=\"text-align: justify;\"><strong>\u00a0<\/strong><\/p>\n<p>Cet article <a rel=\"nofollow\" href=\"https:\/\/www.journalducameroun.com\/cameroun-le-chef-bangangte-menace-de-rendre-aveugle-son-homologue-balengou\/\">Cameroun : le chef Bangangt\u00e9 menace de rendre aveugle son homologue Balengou<\/a> est apparu en premier sur <a rel=\"nofollow\" href=\"https:\/\/www.journalducameroun.com\/\">Journal du Cameroun<\/a>.<\/p>\n<\/div>\n<p>Auteur: Emile Zola Nd\u00e9 Tchoussi<br \/>\n<a href=\"https:\/\/www.journalducameroun.com\/cameroun-le-chef-bangangte-menace-de-rendre-aveugle-son-homologue-balengou\/\">Cliquez ici pour lire l&rsquo;article depuis sa source.<\/a><\/p>\n","protected":false},"excerpt":{"rendered":"<p>Dans un communiqu\u00e9 rendu public, le monarque du peupl\u00e9 Bangangt\u00e9 s\u2019insurge du comportement de la chefferie Balengou qui selon lui ne respecte pas leurs us et coutumes. C\u2019est une affaire de succession. Mais l\u00e0, le probl\u00e8me n\u2019est pas entre les h\u00e9ritiers. Une question plut\u00f4t de violation flagrante des coutumes. C\u2019est en tout cas l\u2019avis de [&hellip;]<\/p>\n","protected":false},"author":1965,"featured_media":0,"comment_status":"closed","ping_status":"closed","sticky":false,"template":"","format":"standard","meta":{"fifu_image_url":"https:\/\/www.journalducameroun.com\/wp-content\/uploads\/2022\/01\/le-roi-Nji-Monluh-Seidou-Pokam-.jpg","fifu_image_alt":"Cameroun : le chef Bangangt\u00e9 menace de rendre aveugle son homologue Balengou","footnotes":""},"categories":[73,82],"tags":[],"class_list":["post-139429","post","type-post","status-publish","format-standard","hentry","category-actualite","category-cameroun"],"_links":{"self":[{"href":"https:\/\/linitiative.ca\/International\/wp-json\/wp\/v2\/posts\/139429","targetHints":{"allow":["GET"]}}],"collection":[{"href":"https:\/\/linitiative.ca\/International\/wp-json\/wp\/v2\/posts"}],"about":[{"href":"https:\/\/linitiative.ca\/International\/wp-json\/wp\/v2\/types\/post"}],"author":[{"embeddable":true,"href":"https:\/\/linitiative.ca\/International\/wp-json\/wp\/v2\/users\/1965"}],"replies":[{"embeddable":true,"href":"https:\/\/linitiative.ca\/International\/wp-json\/wp\/v2\/comments?post=139429"}],"version-history":[{"count":0,"href":"https:\/\/linitiative.ca\/International\/wp-json\/wp\/v2\/posts\/139429\/revisions"}],"wp:attachment":[{"href":"https:\/\/linitiative.ca\/International\/wp-json\/wp\/v2\/media?parent=139429"}],"wp:term":[{"taxonomy":"category","embeddable":true,"href":"https:\/\/linitiative.ca\/International\/wp-json\/wp\/v2\/categories?post=139429"},{"taxonomy":"post_tag","embeddable":true,"href":"https:\/\/linitiative.ca\/International\/wp-json\/wp\/v2\/tags?post=139429"}],"curies":[{"name":"wp","href":"https:\/\/api.w.org\/{rel}","templated":true}]}}