{"id":139431,"date":"2022-01-25T13:18:03","date_gmt":"2022-01-25T18:18:03","guid":{"rendered":"https:\/\/linitiative.ca\/International\/burkina-faso-pluie-de-condamnations-apres-le-putsch\/"},"modified":"2022-01-25T13:18:03","modified_gmt":"2022-01-25T18:18:03","slug":"burkina-faso-pluie-de-condamnations-apres-le-putsch","status":"publish","type":"post","link":"https:\/\/linitiative.ca\/International\/burkina-faso-pluie-de-condamnations-apres-le-putsch\/","title":{"rendered":"Burkina Faso : pluie de condamnations apr\u00e8s le putsch"},"content":{"rendered":"<div>\n<p><img decoding=\"async\" width=\"250\" height=\"200\" src=\"https:\/\/linitiative.ca\/International\/wp-content\/uploads\/sites\/23\/2022\/01\/16431346834862.jpg\" class=\"attachment-post-thumbnail size-post-thumbnail wp-post-image\" alt=\"\" loading=\"lazy\"><\/p>\n<p>La communaut\u00e9 internationale a r\u00e9prouv\u00e9 le coup d&rsquo;\u00c9tat militaire survenu au pays des Hommes int\u00e8gres.Des \u00c9tats-Unis \u00e0 la France, en passant par les Nations Unies, l&rsquo;Union africaine ou la Communaut\u00e9 \u00e9conomique des \u00c9tats de l&rsquo;Afrique de l&rsquo;Ouest (C\u00e9d\u00e9ao), la posture est la m\u00eame. Le coup d&rsquo;Etat perp\u00e9tr\u00e9 ce lundi 24 janvier au Burkina Faso, avec l&rsquo;arrestation du pr\u00e9sident Roch Marc Christian Kabor\u00e9 et plusieurs autres dirigeants, a entra\u00een\u00e9 une pluie de condamnations de la part de pays et organes internationaux.<\/p>\n<p>Dans un communiqu\u00e9 diffus\u00e9 ce mardi, la C\u00e9d\u00e9ao \u00ab condamne fermement ce coup de force des militaires qui marque un recul d\u00e9mocratique majeur pour le Burkina Faso. \u00bb Elle annonce qu&rsquo;elle tiendra un sommet extraordinaire dans les prochains jours pour examiner cette situation.<\/p>\n<p>\u00ab Tr\u00e8s clairement, comme toujours, nous sommes au c\u00f4t\u00e9 de l&rsquo;organisation r\u00e9gionale qu&rsquo;est la C\u00e9d\u00e9ao pour condamner ce coup d&rsquo;\u00c9tat militaire \u00bb, a d\u00e9clar\u00e9 de son c\u00f4t\u00e9 le pr\u00e9sident fran\u00e7ais, Emmanuel Macron.<\/p>\n<p>L&rsquo;ONU, les \u00c9tats-Unis et l&rsquo;Union europ\u00e9enne leur ont emboit\u00e9 le pas et demand\u00e9 la \u00ab lib\u00e9ration imm\u00e9diate \u00bb du pr\u00e9sident Roch Marc Christian Kabor\u00e9. Le sort du pr\u00e9sident renvers\u00e9 reste en effet tr\u00e8s confus. Depuis l&rsquo;av\u00e8nement du putsch, il n&rsquo;a pas r\u00e9apparu et ne s&rsquo;est pas exprim\u00e9 en public.<\/p>\n<p>Sa vie ne serait cependant pas en danger et il serait sous la protection des militaires dans un lieu tenu secret. Et comme son ami guin\u00e9en, Alpha Cond\u00e9 renvers\u00e9 lui aussi par un coup d&rsquo;Etat le 05 septembre dernier, il n&rsquo;aurait pas l&rsquo;envie de sortir du pays.<\/p>\n<p>Par ailleurs, des doutes subsistent sur sa d\u00e9mission. La lettre manuscrite, sign\u00e9e en son nom et diffus\u00e9e sur les antennes de la t\u00e9l\u00e9vision nationale n&rsquo;a pas \u00e9t\u00e9 authentifi\u00e9e.<\/p>\n<p>Cet article <a rel=\"nofollow\" href=\"https:\/\/www.journalducameroun.com\/burkina-faso-pluie-de-condamnations-apres-le-putsch\/\">Burkina Faso : pluie de condamnations apr\u00e8s le putsch<\/a> est apparu en premier sur <a rel=\"nofollow\" href=\"https:\/\/www.journalducameroun.com\/\">Journal du Cameroun<\/a>.<\/p>\n<\/div>\n<p>Auteur: APA News<br \/>\n<a href=\"https:\/\/www.journalducameroun.com\/burkina-faso-pluie-de-condamnations-apres-le-putsch\/\">Cliquez ici pour lire l&rsquo;article depuis sa source.<\/a><\/p>\n","protected":false},"excerpt":{"rendered":"<p>La communaut\u00e9 internationale a r\u00e9prouv\u00e9 le coup d&rsquo;\u00c9tat militaire survenu au pays des Hommes int\u00e8gres.Des \u00c9tats-Unis \u00e0 la France, en passant par les Nations Unies, l&rsquo;Union africaine ou la Communaut\u00e9 \u00e9conomique des \u00c9tats de l&rsquo;Afrique de l&rsquo;Ouest (C\u00e9d\u00e9ao), la posture est la m\u00eame. Le coup d&rsquo;Etat perp\u00e9tr\u00e9 ce lundi 24 janvier au Burkina Faso, avec [&hellip;]<\/p>\n","protected":false},"author":1965,"featured_media":0,"comment_status":"closed","ping_status":"closed","sticky":false,"template":"","format":"standard","meta":{"fifu_image_url":"https:\/\/www.journalducameroun.com\/wp-content\/uploads\/2022\/01\/16431346834862.jpg","fifu_image_alt":"Burkina Faso : pluie de condamnations apr\u00e8s le putsch","footnotes":""},"categories":[73,82],"tags":[],"class_list":["post-139431","post","type-post","status-publish","format-standard","hentry","category-actualite","category-cameroun"],"_links":{"self":[{"href":"https:\/\/linitiative.ca\/International\/wp-json\/wp\/v2\/posts\/139431","targetHints":{"allow":["GET"]}}],"collection":[{"href":"https:\/\/linitiative.ca\/International\/wp-json\/wp\/v2\/posts"}],"about":[{"href":"https:\/\/linitiative.ca\/International\/wp-json\/wp\/v2\/types\/post"}],"author":[{"embeddable":true,"href":"https:\/\/linitiative.ca\/International\/wp-json\/wp\/v2\/users\/1965"}],"replies":[{"embeddable":true,"href":"https:\/\/linitiative.ca\/International\/wp-json\/wp\/v2\/comments?post=139431"}],"version-history":[{"count":0,"href":"https:\/\/linitiative.ca\/International\/wp-json\/wp\/v2\/posts\/139431\/revisions"}],"wp:attachment":[{"href":"https:\/\/linitiative.ca\/International\/wp-json\/wp\/v2\/media?parent=139431"}],"wp:term":[{"taxonomy":"category","embeddable":true,"href":"https:\/\/linitiative.ca\/International\/wp-json\/wp\/v2\/categories?post=139431"},{"taxonomy":"post_tag","embeddable":true,"href":"https:\/\/linitiative.ca\/International\/wp-json\/wp\/v2\/tags?post=139431"}],"curies":[{"name":"wp","href":"https:\/\/api.w.org\/{rel}","templated":true}]}}