{"id":139433,"date":"2022-01-25T07:43:19","date_gmt":"2022-01-25T12:43:19","guid":{"rendered":"https:\/\/linitiative.ca\/International\/developpement-urbain-le-cameroun-et-lafd-evaluent-le-programme-c2d-capitales-regionales\/"},"modified":"2022-01-25T07:43:19","modified_gmt":"2022-01-25T12:43:19","slug":"developpement-urbain-le-cameroun-et-lafd-evaluent-le-programme-c2d-capitales-regionales","status":"publish","type":"post","link":"https:\/\/linitiative.ca\/International\/developpement-urbain-le-cameroun-et-lafd-evaluent-le-programme-c2d-capitales-regionales\/","title":{"rendered":"D\u00e9veloppement urbain : le Cameroun et l\u2019AFD \u00e9valuent le programme C2D \u00ab Capitales r\u00e9gionales \u00bb"},"content":{"rendered":"<div>\n<p>\u00ab\u00a0Importante r\u00e9union d\u2019\u00e9valuation du Programme contrat de d\u00e9sendettement et de d\u00e9veloppement (C2D) Capitales r\u00e9gionales, en pr\u00e9sence du directeur de l\u2019Agence fran\u00e7aise de d\u00e9veloppement (AFD) et des maires b\u00e9n\u00e9ficiaires\u00a0\u00bb, annonce ce mardi 25 janvier 2022 sur son compte Twitter le minist\u00e8re de l\u2019Urbanisme, de l\u2019Habitat et du D\u00e9veloppement urbain (Minhdu). Selon l\u2019interlocuteur de l\u2019AFD pour le compte du Cameroun dans ce programme d\u2019urbanisation des villes de Bafoussam, Bertoua et Garoua, il sera question au cours de cette r\u00e9union d\u2019\u00e9valuation de \u00ab\u00a0partager les bons points de cet ambitieux programme\u00a0\u00bb.<\/p>\n<p><strong>Lire aussi<\/strong> : <strong><a href=\"https:\/\/ecomatin.net\/lafd-surveille-les-chantiers-des-projetss-c2d-a-bertoua\/\">L\u2019AFD surveille les chantiers des projets C2D \u00e0 Bertoua<\/a><\/strong><\/p>\n<p>\u00ab\u00a0En effet, en trois ans, nous sommes pass\u00e9s d\u2019un taux d\u2019ex\u00e9cution de 18% \u00e0 85% dans un environnement marqu\u00e9 par la crise du Covid-19\u00a0\u00bb, poursuit le Minhdu. Qui se satisfait de ce que \u00ab\u00a0c\u2019est le signe probant des efforts d\u00e9ploy\u00e9s par le gouvernement camerounais pour la bonne gouvernance de ce programme\u00a0\u00bb. Le d\u00e9partement minist\u00e9riel dirig\u00e9 par C\u00e9lestine Ketcha Court\u00e8s s\u2019appuie sur \u00ab\u00a0les r\u00e9sultats d\u2019ores et d\u00e9j\u00e0 visibles comme le montre la transformation des villes de Bertoua, Garoua et Bafoussam qui font la fiert\u00e9 de notre pays \u00e0 l\u2019occasion de CAN TotalEnergies Cameroun 2021\u00a0\u00bb.<\/p>\n<p>Pour rappel, et selon l\u2019AFD, Le programme C2D Capitales r\u00e9gionales est con\u00e7u pour pallier le d\u00e9ficit de d\u00e9veloppement des villes camerounaises. Celles-ci ne peuvent plus r\u00e9pondre aux besoins d\u2019une population urbaine sans cesse croissante et qui repr\u00e9sente 54% de celle du pays. L\u2019insuffisance d\u2019investissements en mati\u00e8re d\u2019am\u00e9nagements urbains a, selon l\u2019AFD, entra\u00een\u00e9 \u00ab\u00a0le retard \u00e9conomique et la paup\u00e9risation des habitants\u00a0\u00bb.<\/p>\n<p><strong>Lire aussi<\/strong> : <strong><a href=\"https:\/\/ecomatin.net\/les-travaux-de-construction-du-marche-mokolo-2-a-lest-affichent-45-de-taux-de-realisation\/\">Les travaux de construction du march\u00e9 Mokolo 2 \u00e0 l\u2019Est affichent un taux de r\u00e9alisation de 45%<\/a><\/strong><\/p>\n<p>Le bras s\u00e9culier de la France en mati\u00e8re d\u2019aide au d\u00e9veloppement a donc mis sur pied le programme C2D Capitales r\u00e9gionales. Apr\u00e8s Yaound\u00e9 et Douala dans le cadre du premier C2D, le programme C2D Capitales r\u00e9gionales, financ\u00e9 sur le 2\u00e8me\u00a0C2D, vise le d\u00e9veloppement des infrastructures de base et l\u2019am\u00e9lioration des conditions de vies des populations dans les villes de Bafoussam, Bertoua et Garoua, respectivement capitales des r\u00e9gions de l\u2019Ouest, de l\u2019Est et du Nord.<\/p>\n<p>Pour rappel, lors de sa mise en \u0153uvre en 2015, le programme C2D Capitales r\u00e9gionales est \u00e9valu\u00e9 \u00e0 90 milliards de FCFA. L\u2019Etat camerounais contribue \u00e0 hauteur de 8 milliards. Pour ce qui est de l\u2019AFD, sa contribution se d\u00e9cline sous la forme d\u2019un pr\u00eat de 42,6 milliards de FCFA auxquels vient s\u2019ajouter \u00e0 une subvention de 39,4 milliards de FCFA, dont la\u00a0convention d\u2019affectation a \u00e9t\u00e9 sign\u00e9e le 24 novembre 2014 \u00e0 Yaound\u00e9 entre l\u2019AFD et le gouvernement camerounais.<\/p>\n<p><strong>Lire aussi<\/strong> : <strong><a href=\"https:\/\/ecomatin.net\/401-milliards-fcfa-enregistres-pour-le-financement-du-3eme-c2d\/\" target=\"_blank\" rel=\"noreferrer noopener\">401 milliards FCFA enregistr\u00e9s pour le financement du 3eme C2D<\/a><\/strong><\/p>\n<p>Les accords pr\u00e9voient que 25% des projets r\u00e9alis\u00e9s dans le cadre de ce programme le soient sous ma\u00eetrise d\u2019ouvrage locale, une partie des financements \u00e9tant directement mise \u00e0 la disposition des communaut\u00e9s urbaines.<\/p>\n<p>L\u2019article <a rel=\"nofollow\" href=\"https:\/\/ecomatin.net\/developpement-urbain-le-cameroun-et-lafd-evaluent-le-programme-c2d-capitales-regionales\/\">D\u00e9veloppement urbain : le Cameroun et l\u2019AFD \u00e9valuent le programme C2D \u00ab Capitales r\u00e9gionales \u00bb<\/a> est apparu en premier sur <a rel=\"nofollow\" href=\"https:\/\/ecomatin.net\/\">EcoMatin<\/a>.<\/p>\n<\/div>\n<p>Auteur: Bernard Bangda<br \/>\n<a href=\"https:\/\/ecomatin.net\/developpement-urbain-le-cameroun-et-lafd-evaluent-le-programme-c2d-capitales-regionales\/\">Cliquez ici pour lire l&rsquo;article depuis sa source.<\/a><\/p>\n","protected":false},"excerpt":{"rendered":"<p>\u00ab\u00a0Importante r\u00e9union d\u2019\u00e9valuation du Programme contrat de d\u00e9sendettement et de d\u00e9veloppement (C2D) Capitales r\u00e9gionales, en pr\u00e9sence du directeur de l\u2019Agence fran\u00e7aise de d\u00e9veloppement (AFD) et des maires b\u00e9n\u00e9ficiaires\u00a0\u00bb, annonce ce mardi 25 janvier 2022 sur son compte Twitter le minist\u00e8re de l\u2019Urbanisme, de l\u2019Habitat et du D\u00e9veloppement urbain (Minhdu). Selon l\u2019interlocuteur de l\u2019AFD pour le [&hellip;]<\/p>\n","protected":false},"author":1969,"featured_media":0,"comment_status":"closed","ping_status":"closed","sticky":false,"template":"","format":"standard","meta":{"fifu_image_url":"","fifu_image_alt":"","footnotes":""},"categories":[82,78],"tags":[],"class_list":["post-139433","post","type-post","status-publish","format-standard","hentry","category-cameroun","category-economie"],"_links":{"self":[{"href":"https:\/\/linitiative.ca\/International\/wp-json\/wp\/v2\/posts\/139433","targetHints":{"allow":["GET"]}}],"collection":[{"href":"https:\/\/linitiative.ca\/International\/wp-json\/wp\/v2\/posts"}],"about":[{"href":"https:\/\/linitiative.ca\/International\/wp-json\/wp\/v2\/types\/post"}],"author":[{"embeddable":true,"href":"https:\/\/linitiative.ca\/International\/wp-json\/wp\/v2\/users\/1969"}],"replies":[{"embeddable":true,"href":"https:\/\/linitiative.ca\/International\/wp-json\/wp\/v2\/comments?post=139433"}],"version-history":[{"count":0,"href":"https:\/\/linitiative.ca\/International\/wp-json\/wp\/v2\/posts\/139433\/revisions"}],"wp:attachment":[{"href":"https:\/\/linitiative.ca\/International\/wp-json\/wp\/v2\/media?parent=139433"}],"wp:term":[{"taxonomy":"category","embeddable":true,"href":"https:\/\/linitiative.ca\/International\/wp-json\/wp\/v2\/categories?post=139433"},{"taxonomy":"post_tag","embeddable":true,"href":"https:\/\/linitiative.ca\/International\/wp-json\/wp\/v2\/tags?post=139433"}],"curies":[{"name":"wp","href":"https:\/\/api.w.org\/{rel}","templated":true}]}}