{"id":139434,"date":"2022-01-25T09:02:41","date_gmt":"2022-01-25T14:02:41","guid":{"rendered":"https:\/\/linitiative.ca\/International\/can-2021-motsepe-suspend-le-stade-dolembe\/"},"modified":"2022-01-25T09:02:41","modified_gmt":"2022-01-25T14:02:41","slug":"can-2021-motsepe-suspend-le-stade-dolembe","status":"publish","type":"post","link":"https:\/\/linitiative.ca\/International\/can-2021-motsepe-suspend-le-stade-dolembe\/","title":{"rendered":"Can 2021 : Motsepe suspend le stade d\u2019Olembe"},"content":{"rendered":"<div>\n<p>L\u2019on peut dire que c\u2019est un coup dur pour le stade d\u2019Olemb\u00e9 en plein d\u00e9roulement de la CAN TotalEnergies qui se joue en terre camerounaise. En effet le Pr\u00e9sident de la Conf\u00e9d\u00e9ration africaine de football CAF), Patrice Motsepe a d\u00e9cid\u00e9 de suspendre ce stade \u00e0 la suite du drame s\u2019y est produit le 24 janvier 2022 et a co\u00fbt\u00e9 la vie \u00e0 8 personnes. C\u2019est du moins la quintessence de la conf\u00e9rence de presse tenue en d\u00e9but d\u2019apr\u00e8s-midi de ce mardi 25 janvier par le pr\u00e9sident de l\u2019instance fa\u00eeti\u00e8re du football au stade Ahmadou Ahidjo.<\/p>\n<p>Une d\u00e9cision qui du moins semble temporaire, en attendant les r\u00e9sultats des enqu\u00eates ouvertes suite \u00e0 la bousculade survenue en marge de la\u00a0 rencontre Cameroun vs Comores comptant pour les huiti\u00e8mes de finale de la cette 33\u00e8 \u00e9dition de la coupe d\u2019Afrique des nations.<\/p>\n<p>Pour le pr\u00e9sident Motsepe, le comit\u00e9 d\u2019organisation doit rapidement faire la lumi\u00e8re sur cet incident et revoir les mesures s\u00e9curitaires \u00e0 l\u2019entr\u00e9e des Su\u00e8de pour \u00e9viter ce type d\u2019incident \u00e0 l\u2019avenir. C\u2019est donc le stade Ahmadou Ahidjo qui abritera le quart de finale pr\u00e9vu \u00e0 Olemb\u00e9.<\/p>\n<p>L\u2019article <a rel=\"nofollow\" href=\"https:\/\/ecomatin.net\/motsepe-suspend-olembe3\/\">Can 2021 : Motsepe suspend le stade d\u2019Olembe<\/a> est apparu en premier sur <a rel=\"nofollow\" href=\"https:\/\/ecomatin.net\/\">EcoMatin<\/a>.<\/p>\n<\/div>\n<p>Auteur: EcoMatin<br \/>\n<a href=\"https:\/\/ecomatin.net\/motsepe-suspend-olembe3\/\">Cliquez ici pour lire l&rsquo;article depuis sa source.<\/a><\/p>\n","protected":false},"excerpt":{"rendered":"<p>L\u2019on peut dire que c\u2019est un coup dur pour le stade d\u2019Olemb\u00e9 en plein d\u00e9roulement de la CAN TotalEnergies qui se joue en terre camerounaise. En effet le Pr\u00e9sident de la Conf\u00e9d\u00e9ration africaine de football CAF), Patrice Motsepe a d\u00e9cid\u00e9 de suspendre ce stade \u00e0 la suite du drame s\u2019y est produit le 24 janvier [&hellip;]<\/p>\n","protected":false},"author":1969,"featured_media":0,"comment_status":"closed","ping_status":"closed","sticky":false,"template":"","format":"standard","meta":{"fifu_image_url":"","fifu_image_alt":"","footnotes":""},"categories":[82,78],"tags":[],"class_list":["post-139434","post","type-post","status-publish","format-standard","hentry","category-cameroun","category-economie"],"_links":{"self":[{"href":"https:\/\/linitiative.ca\/International\/wp-json\/wp\/v2\/posts\/139434","targetHints":{"allow":["GET"]}}],"collection":[{"href":"https:\/\/linitiative.ca\/International\/wp-json\/wp\/v2\/posts"}],"about":[{"href":"https:\/\/linitiative.ca\/International\/wp-json\/wp\/v2\/types\/post"}],"author":[{"embeddable":true,"href":"https:\/\/linitiative.ca\/International\/wp-json\/wp\/v2\/users\/1969"}],"replies":[{"embeddable":true,"href":"https:\/\/linitiative.ca\/International\/wp-json\/wp\/v2\/comments?post=139434"}],"version-history":[{"count":0,"href":"https:\/\/linitiative.ca\/International\/wp-json\/wp\/v2\/posts\/139434\/revisions"}],"wp:attachment":[{"href":"https:\/\/linitiative.ca\/International\/wp-json\/wp\/v2\/media?parent=139434"}],"wp:term":[{"taxonomy":"category","embeddable":true,"href":"https:\/\/linitiative.ca\/International\/wp-json\/wp\/v2\/categories?post=139434"},{"taxonomy":"post_tag","embeddable":true,"href":"https:\/\/linitiative.ca\/International\/wp-json\/wp\/v2\/tags?post=139434"}],"curies":[{"name":"wp","href":"https:\/\/api.w.org\/{rel}","templated":true}]}}