{"id":13944,"date":"2019-02-13T16:40:40","date_gmt":"2019-02-13T21:40:40","guid":{"rendered":"https:\/\/linitiative.ca\/International\/declaration-de-politique-generale-le-premier-ministre-face-aux-deputes-lundi\/"},"modified":"2019-02-13T16:40:40","modified_gmt":"2019-02-13T21:40:40","slug":"declaration-de-politique-generale-le-premier-ministre-face-aux-deputes-lundi","status":"publish","type":"post","link":"https:\/\/linitiative.ca\/International\/declaration-de-politique-generale-le-premier-ministre-face-aux-deputes-lundi\/","title":{"rendered":"D\u00e9claration de politique g\u00e9n\u00e9rale : Le Premier ministre face aux d\u00e9put\u00e9s lundi"},"content":{"rendered":"<div class=\"td-post-featured-image\" readability=\"34\"><a href=\"https:\/\/i0.wp.com\/www.sidwaya.info\/wp-content\/uploads\/2019\/02\/premier.jpg?fit=700%2C466&#038;ssl=1\" data-caption=\"Le PAN, Alassane Bala Sakand\u00e9, a pr\u00e9sid\u00e9 l\u2019ouverture de la session sp\u00e9ciale.\"><img loading=\"lazy\" decoding=\"async\" width=\"696\" height=\"463\" class=\"entry-thumb td-modal-image\" src=\"https:\/\/i0.wp.com\/www.sidwaya.info\/wp-content\/uploads\/2019\/02\/premier.jpg?resize=696%2C463&#038;ssl=1\" srcset=\"https:\/\/i0.wp.com\/www.sidwaya.info\/wp-content\/uploads\/2019\/02\/premier.jpg?w=700&#038;ssl=1 700w, https:\/\/i0.wp.com\/www.sidwaya.info\/wp-content\/uploads\/2019\/02\/premier.jpg?resize=300%2C200&#038;ssl=1 300w, https:\/\/i0.wp.com\/www.sidwaya.info\/wp-content\/uploads\/2019\/02\/premier.jpg?resize=696%2C463&#038;ssl=1 696w, https:\/\/i0.wp.com\/www.sidwaya.info\/wp-content\/uploads\/2019\/02\/premier.jpg?resize=631%2C420&#038;ssl=1 631w\" sizes=\"auto, (max-width: 696px) 100vw, 696px\" alt=\"\" title=\"premier\"\/><\/a>Le PAN, Alassane Bala Sakand\u00e9, a pr\u00e9sid\u00e9 l\u2019ouverture de la session sp\u00e9ciale.<\/div>\n<p><strong>En pr\u00e9lude \u00e0 la D\u00e9claration de politique g\u00e9n\u00e9rale du nouveau Premier ministre, Christophe Joseph Marie Dabir\u00e9, le lundi 18 f\u00e9vrier 2019 devant les d\u00e9put\u00e9s, une session parlementaire sp\u00e9ciale s\u2019est ouverte hier mercredi 13 f\u00e9vrier 2019.<\/strong><\/p>\n<p>Selon la Constitution burkinab\u00e8, dans les 30 jours qui suivent sa nomination, le Premier ministre doit faire sa d\u00e9claration de politique g\u00e9n\u00e9rale devant l\u2019Assembl\u00e9e nationale. \u00abCette d\u00e9claration est suivie de d\u00e9bats et donne lieu \u00e0 un vote. L\u2019adoption de cette d\u00e9claration vaut investiture du gouvernement.<\/p>\n<p>Si la D\u00e9claration ne recueille pas la majorit\u00e9 absolue des membres composant l\u2019Assembl\u00e9e nationale, le pr\u00e9sident du Faso met fin aux fonctions du Premier ministre dans un d\u00e9lai de huit jours. Il nomme un nouveau Premier ministre \u2026 \u00bb, pr\u00e9cise la loi fondamentale. Nomm\u00e9 le 21 janvier 2019, le nouveau Premier ministre, Christophe Joseph Marie Dabir\u00e9, sera donc devant la Repr\u00e9sentation nationale, le lundi 18 f\u00e9vrier 2019, pour sa D\u00e9claration de politique g\u00e9n\u00e9rale.<\/p>\n<p>A cet effet, les membres de l\u2019Assembl\u00e9e nationale ont \u00e9t\u00e9 convoqu\u00e9s pour une session sp\u00e9ciale, dont l\u2019ouverture est intervenue le mercredi 13 f\u00e9vrier 2019 \u00e0 Ouagadougou. Dirig\u00e9e par le pr\u00e9sident de l\u2019institution, Alassane Bala Sakand\u00e9, la pl\u00e9ni\u00e8re n\u2019a enregistr\u00e9 aucun discours. En rappel, le format de la D\u00e9claration de politique g\u00e9n\u00e9rale du chef de gouvernement devant le Parlement a connu une modification en 2018.<\/p>\n<p><img loading=\"lazy\" decoding=\"async\" class=\"size-medium wp-image-4261\" src=\"https:\/\/i2.wp.com\/www.sidwaya.info\/wp-content\/uploads\/2019\/02\/premier2.jpg?resize=300%2C200&#038;ssl=1\" alt=\"\" width=\"300\" height=\"200\" srcset=\"https:\/\/i2.wp.com\/www.sidwaya.info\/wp-content\/uploads\/2019\/02\/premier2.jpg?resize=300%2C200&#038;ssl=1 300w, https:\/\/i2.wp.com\/www.sidwaya.info\/wp-content\/uploads\/2019\/02\/premier2.jpg?resize=696%2C463&#038;ssl=1 696w, https:\/\/i2.wp.com\/www.sidwaya.info\/wp-content\/uploads\/2019\/02\/premier2.jpg?resize=631%2C420&#038;ssl=1 631w, https:\/\/i2.wp.com\/www.sidwaya.info\/wp-content\/uploads\/2019\/02\/premier2.jpg?w=700&#038;ssl=1 700w\" sizes=\"auto, (max-width: 300px) 100vw, 300px\" data-recalc-dims=\"1\"\/>Les d\u00e9put\u00e9s attendent le Premier ministre sur plusieurs questions touchant<br \/>\u00e0 la vie de la nation.<\/p>\n<p>Selon le nouveau r\u00e8glement de l\u2019Assembl\u00e9e nationale, le temps consacr\u00e9 \u00e0 l\u2019expos\u00e9 du Premier ministre ne doit pas exc\u00e9der une heure et les d\u00e9put\u00e9s auront au maximum une heure et demie pour formuler les questions \u00e0 adresser au gouvernement. S\u2019en suivra une suspension d\u2019une heure qui sera accord\u00e9e \u00e0 l\u2019ex\u00e9cutif pour lui permettre de s\u2019organiser et apporter les r\u00e9ponses aux pr\u00e9occupations des d\u00e9put\u00e9s.<\/p>\n<p>Hormis cela, la d\u00e9claration devrait parvenir aux d\u00e9put\u00e9s au moins 24 heures avant l\u2019exercice. Cette r\u00e9vision s\u2019expliquait, de l\u2019avis des parlementaires, par la recherche d\u2019une certaine efficacit\u00e9 dans la conduite des travaux. \u00abTout le monde a d\u00fb remarquer que c\u2019est tr\u00e8s lassant de rester souvent de 16 heures \u00e0 24 heures \u00e0 l\u2019Assembl\u00e9e nationale, c\u2019est tr\u00e8s difficile \u00bb, avait d\u00e9clar\u00e9 un membre du comit\u00e9 ayant propos\u00e9 la r\u00e9vision du format.<\/p>\n<p>Le mandat de la nouvelle d\u00e9put\u00e9e, Barakissa Konat\u00e9, a \u00e9t\u00e9 valid\u00e9 au cours de l\u2019ouverture de cette session sp\u00e9ciale. Elle remplace Salifo Tiemtor\u00e9, r\u00e9cemment nomm\u00e9 ministre de la Jeunesse et de la Promotion de l\u2019entrepreneuriat des jeunes.<\/p>\n<p class=\"c1\"><strong>Beyon Romain NEBIE<\/strong><br \/>nbeyonromain@yahoo.fr<\/p>\n<div class=\"td-a-rec td-a-rec-id-content_bottom td_uid_21_5c649de00f203_rand td_block_template_1\"><img loading=\"lazy\" decoding=\"async\" class=\"alignright size-full wp-image-1724\" src=\"https:\/\/www.sidwaya.info\/wp-content\/uploads\/2018\/12\/sidwaya-pub.jpg\" alt=\"\" width=\"720\" height=\"90\"\/><\/div>\n<p>Auteur: JK. Sidwaya<br \/>\n<a href=\"https:\/\/www.sidwaya.info\/blog\/2019\/02\/13\/declaration-de-politique-generale-le-premier-ministre-face-aux-deputes-lundi\/\">Cliquez ici pour lire l&rsquo;article depuis sa source.<\/a><\/p>\n","protected":false},"excerpt":{"rendered":"<p>Le PAN, Alassane Bala Sakand\u00e9, a pr\u00e9sid\u00e9 l\u2019ouverture de la session sp\u00e9ciale. En pr\u00e9lude \u00e0 la D\u00e9claration de politique g\u00e9n\u00e9rale du nouveau Premier ministre, Christophe Joseph Marie Dabir\u00e9, le lundi 18 f\u00e9vrier 2019 devant les d\u00e9put\u00e9s, une session parlementaire sp\u00e9ciale s\u2019est ouverte hier mercredi 13 f\u00e9vrier 2019. Selon la Constitution burkinab\u00e8, dans les 30 jours [&hellip;]<\/p>\n","protected":false},"author":1816,"featured_media":0,"comment_status":"closed","ping_status":"closed","sticky":false,"template":"","format":"standard","meta":{"fifu_image_url":"","fifu_image_alt":"","footnotes":""},"categories":[73,81],"tags":[],"class_list":["post-13944","post","type-post","status-publish","format-standard","hentry","category-actualite","category-burkina-faso"],"_links":{"self":[{"href":"https:\/\/linitiative.ca\/International\/wp-json\/wp\/v2\/posts\/13944","targetHints":{"allow":["GET"]}}],"collection":[{"href":"https:\/\/linitiative.ca\/International\/wp-json\/wp\/v2\/posts"}],"about":[{"href":"https:\/\/linitiative.ca\/International\/wp-json\/wp\/v2\/types\/post"}],"author":[{"embeddable":true,"href":"https:\/\/linitiative.ca\/International\/wp-json\/wp\/v2\/users\/1816"}],"replies":[{"embeddable":true,"href":"https:\/\/linitiative.ca\/International\/wp-json\/wp\/v2\/comments?post=13944"}],"version-history":[{"count":0,"href":"https:\/\/linitiative.ca\/International\/wp-json\/wp\/v2\/posts\/13944\/revisions"}],"wp:attachment":[{"href":"https:\/\/linitiative.ca\/International\/wp-json\/wp\/v2\/media?parent=13944"}],"wp:term":[{"taxonomy":"category","embeddable":true,"href":"https:\/\/linitiative.ca\/International\/wp-json\/wp\/v2\/categories?post=13944"},{"taxonomy":"post_tag","embeddable":true,"href":"https:\/\/linitiative.ca\/International\/wp-json\/wp\/v2\/tags?post=13944"}],"curies":[{"name":"wp","href":"https:\/\/api.w.org\/{rel}","templated":true}]}}