{"id":139440,"date":"2022-01-26T07:45:48","date_gmt":"2022-01-26T12:45:48","guid":{"rendered":"https:\/\/linitiative.ca\/International\/asmex-une-5eme-edition-pour-le-programme-gestionnaire-import-export-confirme\/"},"modified":"2022-01-26T07:45:48","modified_gmt":"2022-01-26T12:45:48","slug":"asmex-une-5eme-edition-pour-le-programme-gestionnaire-import-export-confirme","status":"publish","type":"post","link":"https:\/\/linitiative.ca\/International\/asmex-une-5eme-edition-pour-le-programme-gestionnaire-import-export-confirme\/","title":{"rendered":"Asmex : Une 5\u00e8me \u00e9dition pour le programme \u00abGestionnaire import-export confirm\u00e9\u00bb"},"content":{"rendered":"<div>\n<p><img loading=\"lazy\" decoding=\"async\" width=\"300\" height=\"153\" src=\"https:\/\/linitiative.ca\/International\/wp-content\/uploads\/sites\/23\/2022\/01\/2025195963-e1459854154662.jpg\" class=\"attachment-medium size-medium wp-post-image\" alt=\"\"><\/p>\n<p><span style=\"font-size: 20px; color: #800000;\"><strong>Pr\u00e9vue du 31 janvier au 9 mai<\/strong> <\/span><br \/>\n<span id=\"more-398322\"><\/span><\/p>\n<p>Asmex Academy reconduit son programme de formation continue destin\u00e9 aux exportateurs. Baptis\u00e9 \u00abGestionnaire import-export confirm\u00e9\u00bb, ce programme qui est \u00e0 sa cinqui\u00e8me ann\u00e9e se d\u00e9roulera du 31 janvier au 9 mai.<\/p>\n<p>Au programme, 11 modules op\u00e9rationnels et techniques, soit 98 heures de formation. Le dispositif organis\u00e9 en partenariat avec Acte International s\u2019articule autour d\u2019une approche op\u00e9rationnelle ax\u00e9e sur des cas pratiques et des mises en situation. Il porte \u00e9galement sur des contr\u00f4les de connaissances et \u00e9valuations en d\u00e9but et fin de chaque module. Le processus sera couronn\u00e9 par la remise de certificat de comp\u00e9tence \u00e9mis conjointement par Acte International et l\u2019ASMEX.<\/p>\n<p>Se r\u00e9f\u00e9rant \u00e0 l\u2019ASMEX, les modules pr\u00e9vus par cette formation s\u2019articuleront autour de la s\u00e9curisation des commandes et prix de transport international, sur la compr\u00e9hension des diff\u00e9rents moyens de paiement et la ma\u00eetrise des exigences du cr\u00e9dit documentaire ainsi que sur la ma\u00eetrise et le profit des avantages des Accords de libre-\u00e9change.<\/p>\n<p>La formation tend en outre \u00e0 permettre aux b\u00e9n\u00e9ficiaires de ma\u00eetriser la notion de la valeur en douane, d\u2019appr\u00e9hender ses m\u00e9canismes et d\u2019\u00e9viter les risques douaniers et fiscaux. L\u2019id\u00e9e \u00e9tant \u00e9galement de leur permettre de choisir et g\u00e9rer les r\u00e9gimes \u00e9conomiques en douane, de ma\u00eetriser les op\u00e9rations depuis et vers les zones d\u2019acc\u00e9l\u00e9ration industrielle ainsi que de choisir et de piloter les op\u00e9rations en cross trade. Rappelons que ce programme a b\u00e9n\u00e9fici\u00e9 pendant les \u00e9ditions pr\u00e9c\u00e9dentes \u00e0 une cinquantaine d\u2019exportateurs marocains dans l\u2019agroalimentaire, l\u2019a\u00e9ronautique, l\u2019\u00e9nergie, la chimie-parachimie, la pharmaceutique, l\u2019automobile, le transport et logistique, etc.<\/p>\n<\/div>\n<p>Auteur: ALM<br \/>\n<a href=\"https:\/\/aujourdhui.ma\/economie\/asmex-une-5eme-edition-pour-le-programme-gestionnaire-import-export-confirme\">Cliquez ici pour lire l&rsquo;article depuis sa source.<\/a><\/p>\n","protected":false},"excerpt":{"rendered":"<p>Pr\u00e9vue du 31 janvier au 9 mai Asmex Academy reconduit son programme de formation continue destin\u00e9 aux exportateurs. Baptis\u00e9 \u00abGestionnaire import-export confirm\u00e9\u00bb, ce programme qui est \u00e0 sa cinqui\u00e8me ann\u00e9e se d\u00e9roulera du 31 janvier au 9 mai. Au programme, 11 modules op\u00e9rationnels et techniques, soit 98 heures de formation. Le dispositif organis\u00e9 en partenariat [&hellip;]<\/p>\n","protected":false},"author":1759,"featured_media":0,"comment_status":"closed","ping_status":"closed","sticky":false,"template":"","format":"standard","meta":{"fifu_image_url":"https:\/\/aujourdhui.ma\/wp-content\/uploads\/2016\/02\/2025195963-e1459854154662.jpg","fifu_image_alt":"Asmex : Une 5\u00e8me \u00e9dition pour le programme \u00abGestionnaire import-export confirm\u00e9\u00bb","footnotes":""},"categories":[73,54],"tags":[],"class_list":["post-139440","post","type-post","status-publish","format-standard","hentry","category-actualite","category-maroc"],"_links":{"self":[{"href":"https:\/\/linitiative.ca\/International\/wp-json\/wp\/v2\/posts\/139440","targetHints":{"allow":["GET"]}}],"collection":[{"href":"https:\/\/linitiative.ca\/International\/wp-json\/wp\/v2\/posts"}],"about":[{"href":"https:\/\/linitiative.ca\/International\/wp-json\/wp\/v2\/types\/post"}],"author":[{"embeddable":true,"href":"https:\/\/linitiative.ca\/International\/wp-json\/wp\/v2\/users\/1759"}],"replies":[{"embeddable":true,"href":"https:\/\/linitiative.ca\/International\/wp-json\/wp\/v2\/comments?post=139440"}],"version-history":[{"count":0,"href":"https:\/\/linitiative.ca\/International\/wp-json\/wp\/v2\/posts\/139440\/revisions"}],"wp:attachment":[{"href":"https:\/\/linitiative.ca\/International\/wp-json\/wp\/v2\/media?parent=139440"}],"wp:term":[{"taxonomy":"category","embeddable":true,"href":"https:\/\/linitiative.ca\/International\/wp-json\/wp\/v2\/categories?post=139440"},{"taxonomy":"post_tag","embeddable":true,"href":"https:\/\/linitiative.ca\/International\/wp-json\/wp\/v2\/tags?post=139440"}],"curies":[{"name":"wp","href":"https:\/\/api.w.org\/{rel}","templated":true}]}}