{"id":139446,"date":"2022-01-26T09:45:15","date_gmt":"2022-01-26T14:45:15","guid":{"rendered":"https:\/\/linitiative.ca\/International\/la-sdr-sattaque-au-projet-damenagement-de-la-medina-dagadir\/"},"modified":"2022-01-26T09:45:15","modified_gmt":"2022-01-26T14:45:15","slug":"la-sdr-sattaque-au-projet-damenagement-de-la-medina-dagadir","status":"publish","type":"post","link":"https:\/\/linitiative.ca\/International\/la-sdr-sattaque-au-projet-damenagement-de-la-medina-dagadir\/","title":{"rendered":"La SDR s\u2019attaque au projet d\u2019am\u00e9nagement  de la m\u00e9dina d\u2019Agadir"},"content":{"rendered":"<div>\n<p><img loading=\"lazy\" decoding=\"async\" width=\"300\" height=\"153\" src=\"https:\/\/linitiative.ca\/International\/wp-content\/uploads\/sites\/23\/2022\/01\/agadir-300x153-1.jpg\" class=\"attachment-medium size-medium wp-post-image\" alt=\"\" srcset=\"https:\/\/linitiative.ca\/International\/wp-content\/uploads\/sites\/23\/2022\/01\/agadir-300x153-1.jpg 300w, https:\/\/aujourdhui.ma\/wp-content\/uploads\/2022\/01\/agadir-274x140.jpg 274w, https:\/\/aujourdhui.ma\/wp-content\/uploads\/2022\/01\/agadir.jpg 746w, https:\/\/aujourdhui.ma\/wp-content\/uploads\/2022\/01\/agadir-165x84.jpg 165w, https:\/\/aujourdhui.ma\/wp-content\/uploads\/2022\/01\/agadir-702x358.jpg 702w\" sizes=\"auto, (max-width: 300px) 100vw, 300px\"><\/p>\n<p><span style=\"font-size: 20px; color: #800000;\"><strong>D\u2019un co\u00fbt de 2,8 millions de dirhams<\/strong><\/span><span id=\"more-398321\"><\/span><\/p>\n<p>La Soci\u00e9t\u00e9 r\u00e9gionale de d\u00e9veloppement du tourisme Souss-Massa (SDR) s\u2019attaque au projet de la mise \u00e0 niveau de la m\u00e9dina d\u2019Agadir \u00e0 travers le lancement des travaux d\u2019am\u00e9nagement paysager de celle-ci.<br \/>\nLa SDR Souss-Massa ouvre un niveau chantier au niveau de la r\u00e9gion Souss-Massa et qui porte cette fois-ci sur l\u2019un des monuments touristiques phares de la ville d\u2019Agadir, en l\u2019occurrence la m\u00e9dina d\u2019Agadir. Dans ce sens, cette soci\u00e9t\u00e9 en tant que ma\u00eetre d\u2019ouvrage a publi\u00e9 r\u00e9cemment un appel d\u2019offres pour la r\u00e9alisation des travaux d\u2019am\u00e9nagement paysager de cette structure touristique. Le co\u00fbt des prestations est estim\u00e9 \u00e0 2,8 millions DH. Alors que l\u2019ouverture des plis est pr\u00e9vue pour le 8 f\u00e9vrier prochain.<\/p>\n<p>Les travaux seront ex\u00e9cut\u00e9s en lot unique et comprennent : les travaux d\u2019am\u00e9nagement paysager de la m\u00e9dina d\u2019Agadir, \u00e0 savoir : terrassement, rev\u00eatement du sol, ma\u00e7onnerie, g\u00e9nie civil, plantation, arrosage, mobilier de jardin, signal\u00e9tique et r\u00e9seau d\u2019\u00e9clairage.<br \/>\nLe d\u00e9lai global d\u2019ex\u00e9cution de la totalit\u00e9 des travaux et fournitures relatifs \u00e0 ce projet, y compris le repliement des installations de chantier et la remise en \u00e9tat des terrains et des lieux est fix\u00e9 \u00e0 6 mois pour les travaux, dont 1 mois de d\u00e9lai partiel pour l\u2019am\u00e9nagement et l\u2019\u00e9quipement du parc pour enfant, et de 12 mois pour l\u2019entretien et le gardiennage.<\/p>\n<p>Reconstruite en 1992 par un Sicilien n\u00e9 au Maroc, Coco Polizzi, cet architecte italien a su recr\u00e9er une m\u00e9dina respectant en tous points les traditions berb\u00e8res et arabes afin de mettre en lumi\u00e8re tout l\u2019artisanat local. V\u00e9ritable petit village, cette m\u00e9dina a pu \u00e9pouser et respecter le paysage environnant.<br \/>\nSoucieux de construire un espace et complexe touristique qui refl\u00e8te le plus fid\u00e8lement possible la vieille ville, Coco Polizzi a jet\u00e9 les bases de la construction de ce bel ensemble de couleur rouge et de sable, baptis\u00e9 m\u00e9dina d\u2019Agadir ou m\u00e9dina de Coco Polizzi sur un terrain d\u2019environ 4,5 hectares.<br \/>\nCe projet avait comme objectif de mettre en valeur l\u2019artisanat local et le patrimoine architectural et culturel amazigh en veillant \u00e0 ce que la construction de cette m\u00e9dina soit faite avec des mat\u00e9riaux locaux et artisanaux ainsi que d\u2019en faire un p\u00f4le culturel et touristique symbole de la renaissance d\u2019une ville tel un ph\u0153nix l\u00e9gendaire.<\/p>\n<p>Acquise en 2019 par le Conseil r\u00e9gional Souss-Massa \u00e0 travers la SDR suite \u00e0 sa liquidation judiciaire, cette m\u00e9dina offre une occasion en or pour apprendre l\u2019histoire de la r\u00e9gion et appr\u00e9cier son architecture berb\u00e8re et ses traditions ancestrales.<br \/>\nPour rappel, et dans le cadre de ses actions de promotion de l\u2019artisanat au niveau de la r\u00e9gion de Souss-Massa, et pour garantir une meilleure communication et une \u00e9galit\u00e9 des chances pour les candidats, la SDR a d\u00e9j\u00e0 lanc\u00e9 un appel \u00e0 manifestation d\u2019int\u00e9r\u00eat pour la mise \u00e0 la disposition des artisans int\u00e9ress\u00e9s des boutiques de la m\u00e9dina d\u2019Agadir pour exposer leurs produits et services.<\/p>\n<\/div>\n<p>Auteur: Mohamed Laabid<br \/>\n<a href=\"https:\/\/aujourdhui.ma\/economie\/la-sdr-sattaque-au-projet-damenagement-de-la-medina-dagadir\">Cliquez ici pour lire l&rsquo;article depuis sa source.<\/a><\/p>\n","protected":false},"excerpt":{"rendered":"<p>D\u2019un co\u00fbt de 2,8 millions de dirhams La Soci\u00e9t\u00e9 r\u00e9gionale de d\u00e9veloppement du tourisme Souss-Massa (SDR) s\u2019attaque au projet de la mise \u00e0 niveau de la m\u00e9dina d\u2019Agadir \u00e0 travers le lancement des travaux d\u2019am\u00e9nagement paysager de celle-ci. La SDR Souss-Massa ouvre un niveau chantier au niveau de la r\u00e9gion Souss-Massa et qui porte cette [&hellip;]<\/p>\n","protected":false},"author":1759,"featured_media":0,"comment_status":"closed","ping_status":"closed","sticky":false,"template":"","format":"standard","meta":{"fifu_image_url":"https:\/\/aujourdhui.ma\/wp-content\/uploads\/2022\/01\/agadir-300x153.jpg","fifu_image_alt":"La SDR s\u2019attaque au projet d\u2019am\u00e9nagement  de la m\u00e9dina d\u2019Agadir","footnotes":""},"categories":[73,54],"tags":[],"class_list":["post-139446","post","type-post","status-publish","format-standard","hentry","category-actualite","category-maroc"],"_links":{"self":[{"href":"https:\/\/linitiative.ca\/International\/wp-json\/wp\/v2\/posts\/139446","targetHints":{"allow":["GET"]}}],"collection":[{"href":"https:\/\/linitiative.ca\/International\/wp-json\/wp\/v2\/posts"}],"about":[{"href":"https:\/\/linitiative.ca\/International\/wp-json\/wp\/v2\/types\/post"}],"author":[{"embeddable":true,"href":"https:\/\/linitiative.ca\/International\/wp-json\/wp\/v2\/users\/1759"}],"replies":[{"embeddable":true,"href":"https:\/\/linitiative.ca\/International\/wp-json\/wp\/v2\/comments?post=139446"}],"version-history":[{"count":0,"href":"https:\/\/linitiative.ca\/International\/wp-json\/wp\/v2\/posts\/139446\/revisions"}],"wp:attachment":[{"href":"https:\/\/linitiative.ca\/International\/wp-json\/wp\/v2\/media?parent=139446"}],"wp:term":[{"taxonomy":"category","embeddable":true,"href":"https:\/\/linitiative.ca\/International\/wp-json\/wp\/v2\/categories?post=139446"},{"taxonomy":"post_tag","embeddable":true,"href":"https:\/\/linitiative.ca\/International\/wp-json\/wp\/v2\/tags?post=139446"}],"curies":[{"name":"wp","href":"https:\/\/api.w.org\/{rel}","templated":true}]}}