{"id":139454,"date":"2022-01-25T13:00:00","date_gmt":"2022-01-25T18:00:00","guid":{"rendered":"https:\/\/linitiative.ca\/International\/la-profondeur-des-relations-distinguees-entre-le-maroc-et-les-eau-mises-en-met-en-exergue\/"},"modified":"2022-01-25T13:00:00","modified_gmt":"2022-01-25T18:00:00","slug":"la-profondeur-des-relations-distinguees-entre-le-maroc-et-les-eau-mises-en-met-en-exergue","status":"publish","type":"post","link":"https:\/\/linitiative.ca\/International\/la-profondeur-des-relations-distinguees-entre-le-maroc-et-les-eau-mises-en-met-en-exergue\/","title":{"rendered":"La profondeur des relations distingu\u00e9es entre le Maroc et les \u00c9AU mises en met en exergue"},"content":{"rendered":"<div>\n<p class=\"has-text-align-center has-vivid-red-color has-text-color\"><strong>Entretien t\u00e9l\u00e9phonique entre Mayara et le pr\u00e9sident du Conseil National F\u00e9d\u00e9ral des \u00c9mirats<\/strong><\/p>\n<p class=\"has-black-color has-text-color\"><strong>Le pr\u00e9sident de la Chambre des Conseillers, \u00e0 la t\u00eate \u00e9galement de l\u2019Association des S\u00e9nats, Shoura et Conseils \u00e9quivalents d\u2019Afrique et du monde arabe (ASSECAA), Naama Mayara a mis en exergue la profondeur des relations historiques distingu\u00e9es entre le Maroc et l\u2019Etat des \u00c9mirats Arabes Unis ainsi que leur coop\u00e9ration dans divers domaines.<\/strong><\/p>\n<p class=\"has-black-color has-text-color\">Lors d\u2019un entretien t\u00e9l\u00e9phonique avec le pr\u00e9sident du Conseil National F\u00e9d\u00e9ral des \u00c9mirats Arabes Unis, Saqr Ghubash, M. Mayara a ainsi soulign\u00e9 la volont\u00e9 des chefs d\u2019\u00c9tat des deux pays de consolider ces relations et de les d\u00e9velopper davantage dans tous les domaines porteurs \u00e0 la faveur d\u2019une vision prospective au service des int\u00e9r\u00eats des deux pays et des peuples fr\u00e8res, indique un communiqu\u00e9 de la Chambre des Conseillers parvenu lundi \u00e0 la MAP.<br \/>A cette occasion, M. Mayara a renouvel\u00e9 son invitation \u00e0 M. Ghubash \u00e0 prendre part aux travaux du prochain congr\u00e8s de l\u2019Association des S\u00e9nats, Shoura et Conseils \u00e9quivalents d\u2019Afrique et du monde arabe pr\u00e9vu en mars prochain \u00e0 Rabat, indique-t-on de m\u00eame source.<\/p>\n<p class=\"has-black-color has-text-color\">Et de pr\u00e9ciser que le volet de la coop\u00e9ration bilat\u00e9rale, l\u2019importance de consolider la coordination au sujet des questions d\u2019int\u00e9r\u00eat commun, la cr\u00e9ation d\u2019un groupe d\u2019amiti\u00e9 parlementaire, l\u2019\u00e9change des visites et des exp\u00e9riences ainsi que le resserrement de la coordination et la concertation lors des meetings parlementaires en vue de consolider les relations bilat\u00e9rales sont autant de sujets \u00e9voqu\u00e9s lors de cet entretien t\u00e9l\u00e9phonique.<\/p>\n<p class=\"has-black-color has-text-color\">Pour sa part, M. Ghubash s\u2019est dit honor\u00e9 par sa participation au prochain congr\u00e8s de l\u2019ASSECAA, soulignant l\u2019importance du r\u00f4le des parlements dans la consolidation de la coop\u00e9ration entre les pays arabes et africains dans tous les domaines, ce qui favorise, selon lui, une meilleure concertation dans la d\u00e9fense des int\u00e9r\u00eats et des attentes communes des pays arabes et africains, outre le r\u00f4le de passerelle entre les deux r\u00e9gions et la promotion des relations de coop\u00e9ration et de partenariat tous azimuts, conclut le communiqu\u00e9.<\/p>\n<p>L\u2019article <a rel=\"nofollow\" href=\"http:\/\/albayane.press.ma\/la-profondeur-des-relations-distinguees-entre-le-maroc-et-les-eau-mises-en-met-en-exergue.html\">La profondeur des relations distingu\u00e9es entre le Maroc et les \u00c9AU mises en met en exergue<\/a> est apparu en premier sur <a rel=\"nofollow\" href=\"http:\/\/albayane.press.ma\/\">ALBAYANE<\/a>.<\/p>\n<\/div>\n<p>Auteur: M&rsquo;hammed rahal<br \/>\n<a href=\"http:\/\/albayane.press.ma\/la-profondeur-des-relations-distinguees-entre-le-maroc-et-les-eau-mises-en-met-en-exergue.html\">Cliquez ici pour lire l&rsquo;article depuis sa source.<\/a><\/p>\n","protected":false},"excerpt":{"rendered":"<p>Entretien t\u00e9l\u00e9phonique entre Mayara et le pr\u00e9sident du Conseil National F\u00e9d\u00e9ral des \u00c9mirats Le pr\u00e9sident de la Chambre des Conseillers, \u00e0 la t\u00eate \u00e9galement de l\u2019Association des S\u00e9nats, Shoura et Conseils \u00e9quivalents d\u2019Afrique et du monde arabe (ASSECAA), Naama Mayara a mis en exergue la profondeur des relations historiques distingu\u00e9es entre le Maroc et l\u2019Etat [&hellip;]<\/p>\n","protected":false},"author":1760,"featured_media":0,"comment_status":"closed","ping_status":"closed","sticky":false,"template":"","format":"standard","meta":{"fifu_image_url":"","fifu_image_alt":"","footnotes":""},"categories":[73,54],"tags":[],"class_list":["post-139454","post","type-post","status-publish","format-standard","hentry","category-actualite","category-maroc"],"_links":{"self":[{"href":"https:\/\/linitiative.ca\/International\/wp-json\/wp\/v2\/posts\/139454","targetHints":{"allow":["GET"]}}],"collection":[{"href":"https:\/\/linitiative.ca\/International\/wp-json\/wp\/v2\/posts"}],"about":[{"href":"https:\/\/linitiative.ca\/International\/wp-json\/wp\/v2\/types\/post"}],"author":[{"embeddable":true,"href":"https:\/\/linitiative.ca\/International\/wp-json\/wp\/v2\/users\/1760"}],"replies":[{"embeddable":true,"href":"https:\/\/linitiative.ca\/International\/wp-json\/wp\/v2\/comments?post=139454"}],"version-history":[{"count":0,"href":"https:\/\/linitiative.ca\/International\/wp-json\/wp\/v2\/posts\/139454\/revisions"}],"wp:attachment":[{"href":"https:\/\/linitiative.ca\/International\/wp-json\/wp\/v2\/media?parent=139454"}],"wp:term":[{"taxonomy":"category","embeddable":true,"href":"https:\/\/linitiative.ca\/International\/wp-json\/wp\/v2\/categories?post=139454"},{"taxonomy":"post_tag","embeddable":true,"href":"https:\/\/linitiative.ca\/International\/wp-json\/wp\/v2\/tags?post=139454"}],"curies":[{"name":"wp","href":"https:\/\/api.w.org\/{rel}","templated":true}]}}