{"id":139455,"date":"2022-01-25T13:00:00","date_gmt":"2022-01-25T18:00:00","guid":{"rendered":"https:\/\/linitiative.ca\/International\/a-la-recherche-dun-executif-fort\/"},"modified":"2022-01-25T13:00:00","modified_gmt":"2022-01-25T18:00:00","slug":"a-la-recherche-dun-executif-fort","status":"publish","type":"post","link":"https:\/\/linitiative.ca\/International\/a-la-recherche-dun-executif-fort\/","title":{"rendered":"A la recherche d\u2019un Ex\u00e9cutif fort !"},"content":{"rendered":"<div>\n<p class=\"has-black-color has-text-color\"><strong>D\u00e9cid\u00e9ment, l\u2019Ex\u00e9cutif s\u2019interdit de s\u2019\u00e9vertuer dans les questions qui f\u00e2chent litt\u00e9ralement. Aucune intention d\u2019affronter les probl\u00e8mes \u00e0 grands risques de peur de s\u2019attirer les foudres de la minorit\u00e9 nantie de la soci\u00e9t\u00e9.Tant\u00f4t, il fait fi des dossiers r\u00e9voltants qui continuent \u00e0 sentir le roussi, tant\u00f4t il retire sans scrupule, les projets de loi, pr\u00eats \u00e0 voir le jour, tant\u00f4t il se d\u00e9robe devant les scandales \u00e9clat\u00e9s dans le rouage des d\u00e9pravations. Il est vrai qu\u2019il serait pr\u00e9matur\u00e9 de porter des jugements h\u00e2tifs sur la volont\u00e9 du gouvernement de faire face \u00e0 la panoplie de probl\u00e9matiques en suspens qui, \u00e0 priori, ne cessent de tirer le pays vers le bas. Il importe de rappeler que notre pays p\u00e8che par des entraves destructrices qui rongent notre pays, au sein de l\u2019administration, de la justice, des institutions.Toutefois, il faut dire que les signaux qu\u2019il met en lumi\u00e8re n\u2019inspirent nulle confiance en sa capacit\u00e9 politique et morale \u00e0 s\u2019y opposer. Pire encore, le gouvernement n\u2019a pas froid aux yeux de renoncer \u00e0 concr\u00e9tiser des lois de haute teneur sociale, en particulier le projets des imp\u00f4ts sur la richesse et celui de l\u2019occupation temporaire du domaine public. Il va sans dire que ces retraits qui suscitent des indignations tant dans le milieu par le mentaire que politique, sont une parfaite illustration de l\u2019\u00abinertie\u00bb gouvernementale, quand il est question des d\u00e9cisions faisant abstraction aux int\u00e9r\u00eats d\u2019une certaine souche fortun\u00e9e.Il ne fait pas de doute que sa nature ultra lib\u00e9rale d\u2019une part et sa fibre composite, d\u2019autre part, ne saurait se hasarder \u00e0 combattre des tares de tradition, telles la d\u00e9pravation, la rente et la corruption qui gangr\u00e8nent surtout dans la haute sph\u00e8re intouchable. Aurait-il alors assez d\u2019audace \u00e0 s\u2019attaquer \u00e0 la prolif\u00e9ration de ces maux fatals qui asphyxient toute une Nation, en qu\u00eate de l\u2019\u00e9quit\u00e9 sociale\u00a0? Pas tout \u00e0 fait certain pour peu qu\u2019il manquerait de souffle \u00ab\u00a0r\u00e9volutionnaire\u00a0\u00bb devant ces tracas de taille.Serait-il aussi en mesure de d\u00e9poussi\u00e9rer les grandes affaires scabreuses qui \u00e9ternisent dans les tiroirs et dont les auteurs ne sont \u00a0autres que les gros bonnets des commis de l\u2019Etat\u00a0? Surtout pas, puisqu\u2019on ne pourrait gu\u00e8re \u00eatre partie prenante et juge tranchant, en m\u00eame temps. En revanche, on ne devrait nullement soustraire de cet Ex\u00e9cutif l\u2019aspect aff\u00e9rent aux libert\u00e9, par l\u2019attribut moderniste dont il fait, en principe montre, \u00e0 la diff\u00e9rence du pr\u00e9d\u00e9cesseur dont l\u2019essence \u00abt\u00e9n\u00e9breuse\u00bb handicape l\u2019\u00e9volution lib\u00e9ratoire de l\u2019individu. Vers o\u00f9 m\u00e8nera-t-il le bateau de la gestion des affaires publiques du pays\u00a0dont ilh\u00e9rite haut la main ? Nulle part, car ce dont aura besoin la\u00a0 population, en ces moments de pand\u00e9mie, c\u2019est plut\u00f4t un gouvernement fort, agissant et autonome, parfaitement apte de donner des signes de changement escompt\u00e9 sur tous les plans.<\/strong><\/p>\n<p>L\u2019article <a rel=\"nofollow\" href=\"http:\/\/albayane.press.ma\/a-la-recherche-dun-executif-fort.html\">A la recherche d\u2019un Ex\u00e9cutif fort !<\/a> est apparu en premier sur <a rel=\"nofollow\" href=\"http:\/\/albayane.press.ma\/\">ALBAYANE<\/a>.<\/p>\n<\/div>\n<p>Auteur: M&rsquo;hammed rahal<br \/>\n<a href=\"http:\/\/albayane.press.ma\/a-la-recherche-dun-executif-fort.html\">Cliquez ici pour lire l&rsquo;article depuis sa source.<\/a><\/p>\n","protected":false},"excerpt":{"rendered":"<p>D\u00e9cid\u00e9ment, l\u2019Ex\u00e9cutif s\u2019interdit de s\u2019\u00e9vertuer dans les questions qui f\u00e2chent litt\u00e9ralement. Aucune intention d\u2019affronter les probl\u00e8mes \u00e0 grands risques de peur de s\u2019attirer les foudres de la minorit\u00e9 nantie de la soci\u00e9t\u00e9.Tant\u00f4t, il fait fi des dossiers r\u00e9voltants qui continuent \u00e0 sentir le roussi, tant\u00f4t il retire sans scrupule, les projets de loi, pr\u00eats \u00e0 [&hellip;]<\/p>\n","protected":false},"author":1760,"featured_media":0,"comment_status":"closed","ping_status":"closed","sticky":false,"template":"","format":"standard","meta":{"fifu_image_url":"","fifu_image_alt":"","footnotes":""},"categories":[73,54],"tags":[],"class_list":["post-139455","post","type-post","status-publish","format-standard","hentry","category-actualite","category-maroc"],"_links":{"self":[{"href":"https:\/\/linitiative.ca\/International\/wp-json\/wp\/v2\/posts\/139455","targetHints":{"allow":["GET"]}}],"collection":[{"href":"https:\/\/linitiative.ca\/International\/wp-json\/wp\/v2\/posts"}],"about":[{"href":"https:\/\/linitiative.ca\/International\/wp-json\/wp\/v2\/types\/post"}],"author":[{"embeddable":true,"href":"https:\/\/linitiative.ca\/International\/wp-json\/wp\/v2\/users\/1760"}],"replies":[{"embeddable":true,"href":"https:\/\/linitiative.ca\/International\/wp-json\/wp\/v2\/comments?post=139455"}],"version-history":[{"count":0,"href":"https:\/\/linitiative.ca\/International\/wp-json\/wp\/v2\/posts\/139455\/revisions"}],"wp:attachment":[{"href":"https:\/\/linitiative.ca\/International\/wp-json\/wp\/v2\/media?parent=139455"}],"wp:term":[{"taxonomy":"category","embeddable":true,"href":"https:\/\/linitiative.ca\/International\/wp-json\/wp\/v2\/categories?post=139455"},{"taxonomy":"post_tag","embeddable":true,"href":"https:\/\/linitiative.ca\/International\/wp-json\/wp\/v2\/tags?post=139455"}],"curies":[{"name":"wp","href":"https:\/\/api.w.org\/{rel}","templated":true}]}}