{"id":139456,"date":"2022-01-25T13:00:00","date_gmt":"2022-01-25T18:00:00","guid":{"rendered":"https:\/\/linitiative.ca\/International\/des-acteurs-economiques-solidaires-avec-les-familles-des-victimes-du-drame-de-lusine-de-textile\/"},"modified":"2022-01-25T13:00:00","modified_gmt":"2022-01-25T18:00:00","slug":"des-acteurs-economiques-solidaires-avec-les-familles-des-victimes-du-drame-de-lusine-de-textile","status":"publish","type":"post","link":"https:\/\/linitiative.ca\/International\/des-acteurs-economiques-solidaires-avec-les-familles-des-victimes-du-drame-de-lusine-de-textile\/","title":{"rendered":"Des acteurs \u00e9conomiques solidaires avec les familles des victimes du drame de l\u2019usine de textile"},"content":{"rendered":"<div>\n<p class=\"has-text-align-center has-vivid-cyan-blue-color has-text-color\"><strong>Tanger<\/strong><\/p>\n<p class=\"has-black-color has-text-color\"><strong>L\u2019association Ghaith a remis, r\u00e9cemment \u00e0 Tanger, des aides en nature et financi\u00e8res, aux familles des victimes du drame de l\u2019unit\u00e9 clandestine de textile, survenu en f\u00e9vrier 2021 \u00e0 Tanger.<\/strong><\/p>\n<p class=\"has-black-color has-text-color\">La secr\u00e9taire g\u00e9n\u00e9rale de l\u2019association Ghaith, Chaibia Balbzioui Alaoui, a indiqu\u00e9 que cette initiative d\u00e9coule de l\u2019esprit de solidarit\u00e9 avec les victimes du drame qui a caus\u00e9 une \u00e9norme douleur aux familles, aux habitants de Tanger et \u00e0 tous les Marocains, expliquant que les acteurs \u00e9conomiques ont cr\u00e9\u00e9 cette association, afin d\u2019aider les familles des victimes et d\u2019all\u00e9ger leur souffrance.<\/p>\n<p class=\"has-black-color has-text-color\">Gr\u00e2ce \u00e0 des donateurs et des bienfaiteurs, une somme d\u2019argent importante a \u00e9t\u00e9 collect\u00e9e, ce qui a permis, en concertation avec les familles des victimes, l\u2019acquisition de 29 appartements et de deux v\u00e9hicules utilitaires pour lancer un projet g\u00e9n\u00e9rateur de revenus, a-t-elle poursuivi, soulignant que cette initiative vise \u00e0 assurer la stabilit\u00e9 des familles des victimes et \u00e0 les aider \u00e0 surmonter la perte de leurs proches, tout en v\u00e9hiculant un message de solidarit\u00e9 entre les Marocains pour parvenir au d\u00e9veloppement social.<\/p>\n<p class=\"has-black-color has-text-color\">Pour sa part, le pr\u00e9sident du bureau de l\u2019association Ghaith, Adil Rais, a pr\u00e9cis\u00e9 que la cr\u00e9ation de cette association a pour but d\u2019aider les familles des victimes du drame de Tanger, qui a fait 28 morts, mettant en avant l\u2019aide de la Wilaya de la r\u00e9gion Tanger-T\u00e9touan-Al Hoceima pour d\u00e9terminer les b\u00e9n\u00e9ficiaires.<\/p>\n<p class=\"has-black-color has-text-color\">L\u2019association a r\u00e9ussi, en 4 mois, \u00e0 r\u00e9colter des dons et contributions de chefs d\u2019entreprises et hommes d\u2019affaires ayant atteint 10,28 millions de dirhams, a-t-il fait savoir, notant qu\u2019elle oeuvre, en toute transparence sous la supervision d\u2019un avocat et d\u2019un notaire, \u00e0 garantir une distribution honn\u00eate des aides aux b\u00e9n\u00e9ficiaires.<\/p>\n<p class=\"has-black-color has-text-color\">L\u2019association a choisi d\u2019oeuvrer selon une approche adopt\u00e9e par l\u2019Organisation internationale du travail (OIT), afin de d\u00e9terminer la valeur de l\u2019aide pour chaque famille, \u00e9tant donn\u00e9 que certaines familles ont perdu plus d\u2019un proche lors du drame, a soulign\u00e9 M. Rais, expliquant qu\u2019en concertation avec les familles des victimes, il a \u00e9t\u00e9 proc\u00e9d\u00e9 \u00e0 l\u2019acquisition de 29 appartements \u00e0 Tanger, Martil et K\u00e9nitra, ainsi que deux v\u00e9hicules utilitaires, tandis que le reste de l\u2019aide sera distribu\u00e9 en esp\u00e8ces aux b\u00e9n\u00e9ficiaires.<\/p>\n<p class=\"has-black-color has-text-color\">Cette initiative traduit la volont\u00e9 des acteurs \u00e9conomiques de contribuer \u00e0 l\u2019action sociale dans un esprit de solidarit\u00e9 et de synergie pour att\u00e9nuer l\u2019impact de ce drame sur les familles des victimes, a-t-il poursuivi.<br \/>Nombre de b\u00e9n\u00e9ficiaires ont exprim\u00e9, dans des d\u00e9clarations \u00e0 cette occasion, leur reconnaissance pour cette initiative, qui refl\u00e8te les valeurs de solidarit\u00e9 des Marocains face aux drames.<\/p>\n<p>L\u2019article <a rel=\"nofollow\" href=\"http:\/\/albayane.press.ma\/des-acteurs-economiques-solidaires-avec-les-familles-des-victimes-du-drame-de-lusine-de-textile.html\">Des acteurs \u00e9conomiques solidaires avec les familles des victimes du drame de l\u2019usine de textile<\/a> est apparu en premier sur <a rel=\"nofollow\" href=\"http:\/\/albayane.press.ma\/\">ALBAYANE<\/a>.<\/p>\n<\/div>\n<p>Auteur: M&rsquo;hammed rahal<br \/>\n<a href=\"http:\/\/albayane.press.ma\/des-acteurs-economiques-solidaires-avec-les-familles-des-victimes-du-drame-de-lusine-de-textile.html\">Cliquez ici pour lire l&rsquo;article depuis sa source.<\/a><\/p>\n","protected":false},"excerpt":{"rendered":"<p>Tanger L\u2019association Ghaith a remis, r\u00e9cemment \u00e0 Tanger, des aides en nature et financi\u00e8res, aux familles des victimes du drame de l\u2019unit\u00e9 clandestine de textile, survenu en f\u00e9vrier 2021 \u00e0 Tanger. La secr\u00e9taire g\u00e9n\u00e9rale de l\u2019association Ghaith, Chaibia Balbzioui Alaoui, a indiqu\u00e9 que cette initiative d\u00e9coule de l\u2019esprit de solidarit\u00e9 avec les victimes du drame [&hellip;]<\/p>\n","protected":false},"author":1760,"featured_media":0,"comment_status":"closed","ping_status":"closed","sticky":false,"template":"","format":"standard","meta":{"fifu_image_url":"","fifu_image_alt":"","footnotes":""},"categories":[73,54],"tags":[],"class_list":["post-139456","post","type-post","status-publish","format-standard","hentry","category-actualite","category-maroc"],"_links":{"self":[{"href":"https:\/\/linitiative.ca\/International\/wp-json\/wp\/v2\/posts\/139456","targetHints":{"allow":["GET"]}}],"collection":[{"href":"https:\/\/linitiative.ca\/International\/wp-json\/wp\/v2\/posts"}],"about":[{"href":"https:\/\/linitiative.ca\/International\/wp-json\/wp\/v2\/types\/post"}],"author":[{"embeddable":true,"href":"https:\/\/linitiative.ca\/International\/wp-json\/wp\/v2\/users\/1760"}],"replies":[{"embeddable":true,"href":"https:\/\/linitiative.ca\/International\/wp-json\/wp\/v2\/comments?post=139456"}],"version-history":[{"count":0,"href":"https:\/\/linitiative.ca\/International\/wp-json\/wp\/v2\/posts\/139456\/revisions"}],"wp:attachment":[{"href":"https:\/\/linitiative.ca\/International\/wp-json\/wp\/v2\/media?parent=139456"}],"wp:term":[{"taxonomy":"category","embeddable":true,"href":"https:\/\/linitiative.ca\/International\/wp-json\/wp\/v2\/categories?post=139456"},{"taxonomy":"post_tag","embeddable":true,"href":"https:\/\/linitiative.ca\/International\/wp-json\/wp\/v2\/tags?post=139456"}],"curies":[{"name":"wp","href":"https:\/\/api.w.org\/{rel}","templated":true}]}}