{"id":139457,"date":"2022-01-25T13:00:00","date_gmt":"2022-01-25T18:00:00","guid":{"rendered":"https:\/\/linitiative.ca\/International\/debat-sur-la-reforme-du-code-de-la-procedure-civile\/"},"modified":"2022-01-25T13:00:00","modified_gmt":"2022-01-25T18:00:00","slug":"debat-sur-la-reforme-du-code-de-la-procedure-civile","status":"publish","type":"post","link":"https:\/\/linitiative.ca\/International\/debat-sur-la-reforme-du-code-de-la-procedure-civile\/","title":{"rendered":"D\u00e9bat sur la r\u00e9forme du code de la proc\u00e9dure civile"},"content":{"rendered":"<div>\n<p class=\"has-text-align-center has-vivid-red-color has-text-color\"><strong>Parlement-Justice<\/strong><\/p>\n<p class=\"has-text-align-left has-black-color has-text-color\"><strong>Le ministre de la Justice, Abdellatif Ouahbi a indiqu\u00e9, lundi \u00e0 Rabat, que son d\u00e9partement a peaufin\u00e9 la version finale du projet de loi sur la proc\u00e9dure civile, qui a \u00e9t\u00e9 soumis aux institutions nationales concern\u00e9es pour qu\u2019elles donnent leur avis.<\/strong><\/p>\n<p class=\"has-text-align-left has-black-color has-text-color\">R\u00e9pondant \u00e0 une question sur \u00ab\u00a0le sort du projet de loi sur la proc\u00e9dure civile et l\u2019approche participative adopt\u00e9e\u00a0\u00bb, du groupe Authenticit\u00e9 et Modernit\u00e9 \u00e0 la Chambre des repr\u00e9sentants, M. Ouahbi a expliqu\u00e9 que ce texte a \u00e9t\u00e9 finalis\u00e9 et fait l\u2019objet actuellement de consultations avec les institutions nationales concern\u00e9es pour qu\u2019elles donnent leur avis, en application de l\u2019approche participative adopt\u00e9e par le minist\u00e8re.<\/p>\n<p class=\"has-text-align-left has-black-color has-text-color\">Le ministre de la Justice a fait savoir que la version finale du projet de loi sur la proc\u00e9dure civile comprend de nouveaux amendements : la r\u00e9duction des d\u00e9lais et l\u2019all\u00e8gement des proc\u00e9dures, l\u2019\u00e9tablissement d\u2019une loi sur la num\u00e9risation comme un m\u00e9canisme de mise en \u0153uvre d\u2019un ensemble de proc\u00e9dures \u00e0 distance, ainsi que la facilitation d\u2019un ensemble de proc\u00e9dures complexes.<\/p>\n<p class=\"has-text-align-left has-black-color has-text-color\">En r\u00e9ponse \u00e0 une autre question sur \u00ab\u00a0le statut des biens immobiliers et des b\u00e2timents industriels saisis par voie judiciaire\u00a0\u00bb, pr\u00e9sent\u00e9e par le groupe du Rassemblement national des ind\u00e9pendants, M. Ouahbi a soulign\u00e9 que \u00ab\u00a0le minist\u00e8re a modifi\u00e9 une panoplie de proc\u00e9dures relatives \u00e0 la question des biens immobiliers et des b\u00e2timents saisis par voie judiciaire, en confiant la mission du suivi des proc\u00e9dures et de l\u2019ex\u00e9cution au juge d\u2019ex\u00e9cution. Mais la solution principale est de cr\u00e9er des institutions de saisie et d\u2019ex\u00e9cution que nous pr\u00e9senterons dans les semaines \u00e0 venir\u00a0\u00bb.<br \/>Le ministre a expliqu\u00e9 que ces institutions seront responsables de toutes les \u00e9tapes, de la saisie jusqu\u2019au prononc\u00e9 du verdict final, comme elles faciliteront le processus et veilleront \u00e0 ce que la production ne s\u2019arr\u00eate pas dans les usines saisies.<\/p>\n<p>L\u2019article <a rel=\"nofollow\" href=\"http:\/\/albayane.press.ma\/debat-sur-la-reforme-du-code-de-la-procedure-civile.html\">D\u00e9bat sur la r\u00e9forme du code de la proc\u00e9dure civile<\/a> est apparu en premier sur <a rel=\"nofollow\" href=\"http:\/\/albayane.press.ma\/\">ALBAYANE<\/a>.<\/p>\n<\/div>\n<p>Auteur: M&rsquo;hammed rahal<br \/>\n<a href=\"http:\/\/albayane.press.ma\/debat-sur-la-reforme-du-code-de-la-procedure-civile.html\">Cliquez ici pour lire l&rsquo;article depuis sa source.<\/a><\/p>\n","protected":false},"excerpt":{"rendered":"<p>Parlement-Justice Le ministre de la Justice, Abdellatif Ouahbi a indiqu\u00e9, lundi \u00e0 Rabat, que son d\u00e9partement a peaufin\u00e9 la version finale du projet de loi sur la proc\u00e9dure civile, qui a \u00e9t\u00e9 soumis aux institutions nationales concern\u00e9es pour qu\u2019elles donnent leur avis. R\u00e9pondant \u00e0 une question sur \u00ab\u00a0le sort du projet de loi sur la [&hellip;]<\/p>\n","protected":false},"author":1760,"featured_media":0,"comment_status":"closed","ping_status":"closed","sticky":false,"template":"","format":"standard","meta":{"fifu_image_url":"","fifu_image_alt":"","footnotes":""},"categories":[73,54],"tags":[],"class_list":["post-139457","post","type-post","status-publish","format-standard","hentry","category-actualite","category-maroc"],"_links":{"self":[{"href":"https:\/\/linitiative.ca\/International\/wp-json\/wp\/v2\/posts\/139457","targetHints":{"allow":["GET"]}}],"collection":[{"href":"https:\/\/linitiative.ca\/International\/wp-json\/wp\/v2\/posts"}],"about":[{"href":"https:\/\/linitiative.ca\/International\/wp-json\/wp\/v2\/types\/post"}],"author":[{"embeddable":true,"href":"https:\/\/linitiative.ca\/International\/wp-json\/wp\/v2\/users\/1760"}],"replies":[{"embeddable":true,"href":"https:\/\/linitiative.ca\/International\/wp-json\/wp\/v2\/comments?post=139457"}],"version-history":[{"count":0,"href":"https:\/\/linitiative.ca\/International\/wp-json\/wp\/v2\/posts\/139457\/revisions"}],"wp:attachment":[{"href":"https:\/\/linitiative.ca\/International\/wp-json\/wp\/v2\/media?parent=139457"}],"wp:term":[{"taxonomy":"category","embeddable":true,"href":"https:\/\/linitiative.ca\/International\/wp-json\/wp\/v2\/categories?post=139457"},{"taxonomy":"post_tag","embeddable":true,"href":"https:\/\/linitiative.ca\/International\/wp-json\/wp\/v2\/tags?post=139457"}],"curies":[{"name":"wp","href":"https:\/\/api.w.org\/{rel}","templated":true}]}}