{"id":139459,"date":"2022-01-26T07:00:00","date_gmt":"2022-01-26T12:00:00","guid":{"rendered":"https:\/\/linitiative.ca\/International\/universite-suspension-de-lactivite-pedagogique-en-presentiel\/"},"modified":"2022-01-26T07:00:00","modified_gmt":"2022-01-26T12:00:00","slug":"universite-suspension-de-lactivite-pedagogique-en-presentiel","status":"publish","type":"post","link":"https:\/\/linitiative.ca\/International\/universite-suspension-de-lactivite-pedagogique-en-presentiel\/","title":{"rendered":"Universit\u00e9 : suspension de l&rsquo;activit\u00e9 p\u00e9dagogique en pr\u00e9sentiel"},"content":{"rendered":"<div>La plupart des responsables des \u00e9tablissements et centres universitaires ont d\u00e9cid\u00e9 de suspendre l&rsquo;activit\u00e9 p\u00e9dagogique en pr\u00e9sentiel jusqu&rsquo;au d\u00e9but du mois de f\u00e9vrier prochain en raison de la flamb\u00e9e des cas de Covid-19<\/div>\n<p>Auteur:<br \/>\n<a href=\"https:\/\/www.liberte-algerie.com\/actualite\/universite-suspension-de-lactivite-pedagogique-en-presentiel-372290\">Cliquez ici pour lire l&rsquo;article depuis sa source.<\/a><\/p>\n","protected":false},"excerpt":{"rendered":"<p>La plupart des responsables des \u00e9tablissements et centres universitaires ont d\u00e9cid\u00e9 de suspendre l&rsquo;activit\u00e9 p\u00e9dagogique en pr\u00e9sentiel jusqu&rsquo;au d\u00e9but du mois de f\u00e9vrier prochain en raison de la flamb\u00e9e des cas de Covid-19 Auteur: Cliquez ici pour lire l&rsquo;article depuis sa source.<\/p>\n","protected":false},"author":1742,"featured_media":0,"comment_status":"closed","ping_status":"closed","sticky":false,"template":"","format":"standard","meta":{"fifu_image_url":"","fifu_image_alt":"","footnotes":""},"categories":[73,53],"tags":[],"class_list":["post-139459","post","type-post","status-publish","format-standard","hentry","category-actualite","category-algerie"],"_links":{"self":[{"href":"https:\/\/linitiative.ca\/International\/wp-json\/wp\/v2\/posts\/139459","targetHints":{"allow":["GET"]}}],"collection":[{"href":"https:\/\/linitiative.ca\/International\/wp-json\/wp\/v2\/posts"}],"about":[{"href":"https:\/\/linitiative.ca\/International\/wp-json\/wp\/v2\/types\/post"}],"author":[{"embeddable":true,"href":"https:\/\/linitiative.ca\/International\/wp-json\/wp\/v2\/users\/1742"}],"replies":[{"embeddable":true,"href":"https:\/\/linitiative.ca\/International\/wp-json\/wp\/v2\/comments?post=139459"}],"version-history":[{"count":0,"href":"https:\/\/linitiative.ca\/International\/wp-json\/wp\/v2\/posts\/139459\/revisions"}],"wp:attachment":[{"href":"https:\/\/linitiative.ca\/International\/wp-json\/wp\/v2\/media?parent=139459"}],"wp:term":[{"taxonomy":"category","embeddable":true,"href":"https:\/\/linitiative.ca\/International\/wp-json\/wp\/v2\/categories?post=139459"},{"taxonomy":"post_tag","embeddable":true,"href":"https:\/\/linitiative.ca\/International\/wp-json\/wp\/v2\/tags?post=139459"}],"curies":[{"name":"wp","href":"https:\/\/api.w.org\/{rel}","templated":true}]}}