{"id":13946,"date":"2019-02-13T16:48:18","date_gmt":"2019-02-13T21:48:18","guid":{"rendered":"https:\/\/linitiative.ca\/International\/gestion-concertee-de-la-migration-le-plan-dactions-de-marrakech-lance\/"},"modified":"2019-02-13T16:48:18","modified_gmt":"2019-02-13T21:48:18","slug":"gestion-concertee-de-la-migration-le-plan-dactions-de-marrakech-lance","status":"publish","type":"post","link":"https:\/\/linitiative.ca\/International\/gestion-concertee-de-la-migration-le-plan-dactions-de-marrakech-lance\/","title":{"rendered":"Gestion concert\u00e9e de la migration: Le Plan d\u2019actions de Marrakech lanc\u00e9"},"content":{"rendered":"<div class=\"td-post-featured-image\" readability=\"34\"><a href=\"https:\/\/i2.wp.com\/www.sidwaya.info\/wp-content\/uploads\/2019\/02\/mara2.jpg?fit=700%2C465&#038;ssl=1\" data-caption=\"Le ministre en charge de l\u2019int\u00e9gration africaine, Paul Robert Tiendr\u00e9b\u00e9ogo\u00a0: \u00abCe plan d\u2019actions contribuera \u00e0 l\u2019atteinte des Objectifs de d\u00e9veloppement durable\u00bb.\"><img loading=\"lazy\" decoding=\"async\" width=\"696\" height=\"462\" class=\"entry-thumb td-modal-image\" src=\"https:\/\/i2.wp.com\/www.sidwaya.info\/wp-content\/uploads\/2019\/02\/mara2.jpg?resize=696%2C462&#038;ssl=1\" srcset=\"https:\/\/i2.wp.com\/www.sidwaya.info\/wp-content\/uploads\/2019\/02\/mara2.jpg?w=700&#038;ssl=1 700w, https:\/\/i2.wp.com\/www.sidwaya.info\/wp-content\/uploads\/2019\/02\/mara2.jpg?resize=300%2C199&#038;ssl=1 300w, https:\/\/i2.wp.com\/www.sidwaya.info\/wp-content\/uploads\/2019\/02\/mara2.jpg?resize=696%2C462&#038;ssl=1 696w, https:\/\/i2.wp.com\/www.sidwaya.info\/wp-content\/uploads\/2019\/02\/mara2.jpg?resize=632%2C420&#038;ssl=1 632w\" sizes=\"auto, (max-width: 696px) 100vw, 696px\" alt=\"\" title=\"mara2\"\/><\/a>Le ministre en charge de l\u2019int\u00e9gration africaine, Paul Robert Tiendr\u00e9b\u00e9ogo\u00a0: \u00abCe plan d\u2019actions contribuera \u00e0 l\u2019atteinte des Objectifs de d\u00e9veloppement durable\u00bb.<\/div>\n<p><strong>Le minist\u00e8re de l\u2019Int\u00e9gration africaine et des Burkinab\u00e8 de l\u2019ext\u00e9rieur a organis\u00e9 les 12 et 13 f\u00e9vrier 2019 \u00e0 Ouagadougou, la r\u00e9union des fonctionnaires de haut niveau du dialogue euro-africain sur la migration et le d\u00e9veloppement. Les travaux ont port\u00e9 sur le lancement du Plan d\u2019actions de Marrakech.<\/strong><\/p>\n<p>A l\u2019issue des travaux de la 5e conf\u00e9rence minist\u00e9rielle euro-africaine sur la migration et le d\u00e9veloppement tenue \u00e0 Marrakech au Maroc, le 2 mai 2018, le Burkina Faso a \u00e9t\u00e9 d\u00e9sign\u00e9 pour assurer la pr\u00e9sidence du Processus de Rabat pour une dur\u00e9e d\u2019un an. Au cours de cette m\u00eame conf\u00e9rence, un Plan d\u2019actions avait \u00e9t\u00e9 adopt\u00e9 pour la p\u00e9riode 2018-2020.<\/p>\n<p>Le lancement dudit Plan d\u2019actions est intervenu hier mardi 12 f\u00e9vrier 2019 \u00e0 Ouagadougou. Cinqui\u00e8me du genre depuis la cr\u00e9ation du dialogue en 2006 entre Europ\u00e9ens et Africains sur les questions de migrations, ce plan, selon les organisateurs, servira de boussole pour l\u2019ensemble des pays-membres sur les priorit\u00e9s et les moyens \u00e0 m\u00eame de traduire en actions les engagements politiques.<\/p>\n<p><img loading=\"lazy\" decoding=\"async\" class=\"size-medium wp-image-4267\" src=\"https:\/\/i0.wp.com\/www.sidwaya.info\/wp-content\/uploads\/2019\/02\/mara.jpg?resize=300%2C199&#038;ssl=1\" alt=\"\" width=\"300\" height=\"199\" srcset=\"https:\/\/i0.wp.com\/www.sidwaya.info\/wp-content\/uploads\/2019\/02\/mara.jpg?resize=300%2C199&#038;ssl=1 300w, https:\/\/i0.wp.com\/www.sidwaya.info\/wp-content\/uploads\/2019\/02\/mara.jpg?resize=696%2C462&#038;ssl=1 696w, https:\/\/i0.wp.com\/www.sidwaya.info\/wp-content\/uploads\/2019\/02\/mara.jpg?resize=632%2C420&#038;ssl=1 632w, https:\/\/i0.wp.com\/www.sidwaya.info\/wp-content\/uploads\/2019\/02\/mara.jpg?w=700&#038;ssl=1 700w\" sizes=\"auto, (max-width: 300px) 100vw, 300px\" data-recalc-dims=\"1\"\/>La mise en place du Plan d\u2019actions permettra de d\u00e9finir une feuille de route pour l\u2019op\u00e9rationnalisation du programme de Marrakech.<\/p>\n<p>Pour ce faire, les \u00e9changes de la r\u00e9union de Ouagadougou ont concern\u00e9 cinq (5) domaines prioritaires du Plan d\u2019actions conjoint de la Valette (PACV). Il s\u2019agit des causes profondes de la migration irr\u00e9guli\u00e8re et des d\u00e9placements forc\u00e9s des populations, de la coop\u00e9ration concernant les migrations et la mobilit\u00e9 l\u00e9gales, du renforcement de la protection des migrants et des demandeurs d\u2019asile, de la pr\u00e9vention de la migration irr\u00e9guli\u00e8re, du trafic de migrants et de la traite des \u00eatres humains et de la collaboration en vue d\u2019am\u00e9liorer la coop\u00e9ration en mati\u00e8re de retour, de r\u00e9admission et de r\u00e9int\u00e9gration des migrants.<\/p>\n<p>A entendre le ministre de l\u2019Int\u00e9gration africaine et des Burkinab\u00e8 de l\u2019ext\u00e9rieur, Paul Robert Tiendr\u00e9b\u00e9ogo, cette rencontre qui se tient dans un contexte doublement marqu\u00e9 par le suivi du Plan de Valette et de l\u2019adoption du Pacte mondial pour les migrations s\u00fbres, ordonn\u00e9es, et r\u00e9guli\u00e8res, doit permettre aux participants de d\u00e9finir une feuille de route pour l\u2019op\u00e9rationnalisation du programme de Marrakech. \u00ab\u00a0S\u2019inscrivant dans l\u2019esprit de l\u2019Agenda 2030 de l\u2019ONU, ce plan d\u2019actions contribuera ainsi \u00e0 l\u2019atteinte des Objectifs de d\u00e9veloppement durable\u00a0\u00bb, a rench\u00e9ri le ministre Tiendr\u00e9b\u00e9ogo.<\/p>\n<p>Pour cela, il a r\u00e9it\u00e9r\u00e9 l\u2019engagement du Burkina Faso \u00e0 jouer pleinement sa partition dans ce dialogue pour un partenariat b\u00e9n\u00e9fique. Dans la dynamique de rendre les migrations plus humaines et l\u00e9gales, les partenaires que sont l\u2019Union europ\u00e9enne et la Commission \u00e9conomique des Etats de l\u2019Afrique de l\u2019Ouest (CEDEAO) ont salu\u00e9 la rencontre de Ouagadougou. Apr\u00e8s le mandat du Burkina Faso, la pr\u00e9sidence du Processus revient \u00e0 la France \u00e0 compter de mai 2019.<\/p>\n<p class=\"c1\"><strong>Hadofini Clotilde BICABA<\/strong><br \/>(Stagiaire)<\/p>\n<div class=\"td-a-rec td-a-rec-id-content_bottom td_uid_21_5c649de5e6d39_rand td_block_template_1\"><img loading=\"lazy\" decoding=\"async\" class=\"alignright size-full wp-image-1724\" src=\"https:\/\/www.sidwaya.info\/wp-content\/uploads\/2018\/12\/sidwaya-pub.jpg\" alt=\"\" width=\"720\" height=\"90\"\/><\/div>\n<p>Auteur: JK. Sidwaya<br \/>\n<a href=\"https:\/\/www.sidwaya.info\/blog\/2019\/02\/13\/gestion-concertee-de-la-migration-le-plan-dactions-de-marrakech-lance\/\">Cliquez ici pour lire l&rsquo;article depuis sa source.<\/a><\/p>\n","protected":false},"excerpt":{"rendered":"<p>Le ministre en charge de l\u2019int\u00e9gration africaine, Paul Robert Tiendr\u00e9b\u00e9ogo\u00a0: \u00abCe plan d\u2019actions contribuera \u00e0 l\u2019atteinte des Objectifs de d\u00e9veloppement durable\u00bb. Le minist\u00e8re de l\u2019Int\u00e9gration africaine et des Burkinab\u00e8 de l\u2019ext\u00e9rieur a organis\u00e9 les 12 et 13 f\u00e9vrier 2019 \u00e0 Ouagadougou, la r\u00e9union des fonctionnaires de haut niveau du dialogue euro-africain sur la migration et [&hellip;]<\/p>\n","protected":false},"author":1816,"featured_media":0,"comment_status":"closed","ping_status":"closed","sticky":false,"template":"","format":"standard","meta":{"fifu_image_url":"","fifu_image_alt":"","footnotes":""},"categories":[73,81],"tags":[],"class_list":["post-13946","post","type-post","status-publish","format-standard","hentry","category-actualite","category-burkina-faso"],"_links":{"self":[{"href":"https:\/\/linitiative.ca\/International\/wp-json\/wp\/v2\/posts\/13946","targetHints":{"allow":["GET"]}}],"collection":[{"href":"https:\/\/linitiative.ca\/International\/wp-json\/wp\/v2\/posts"}],"about":[{"href":"https:\/\/linitiative.ca\/International\/wp-json\/wp\/v2\/types\/post"}],"author":[{"embeddable":true,"href":"https:\/\/linitiative.ca\/International\/wp-json\/wp\/v2\/users\/1816"}],"replies":[{"embeddable":true,"href":"https:\/\/linitiative.ca\/International\/wp-json\/wp\/v2\/comments?post=13946"}],"version-history":[{"count":0,"href":"https:\/\/linitiative.ca\/International\/wp-json\/wp\/v2\/posts\/13946\/revisions"}],"wp:attachment":[{"href":"https:\/\/linitiative.ca\/International\/wp-json\/wp\/v2\/media?parent=13946"}],"wp:term":[{"taxonomy":"category","embeddable":true,"href":"https:\/\/linitiative.ca\/International\/wp-json\/wp\/v2\/categories?post=13946"},{"taxonomy":"post_tag","embeddable":true,"href":"https:\/\/linitiative.ca\/International\/wp-json\/wp\/v2\/tags?post=13946"}],"curies":[{"name":"wp","href":"https:\/\/api.w.org\/{rel}","templated":true}]}}