{"id":139460,"date":"2022-01-26T10:09:27","date_gmt":"2022-01-26T15:09:27","guid":{"rendered":"https:\/\/linitiative.ca\/International\/previsions-meteorologiques-pour-le-jeudi-27-janvier-2022\/"},"modified":"2022-01-26T10:09:27","modified_gmt":"2022-01-26T15:09:27","slug":"previsions-meteorologiques-pour-le-jeudi-27-janvier-2022","status":"publish","type":"post","link":"https:\/\/linitiative.ca\/International\/previsions-meteorologiques-pour-le-jeudi-27-janvier-2022\/","title":{"rendered":"Pr\u00e9visions m\u00e9t\u00e9orologiques pour le jeudi 27 janvier 2022"},"content":{"rendered":"<div>\n<div style=\"margin-bottom:20px;\"><img loading=\"lazy\" decoding=\"async\" width=\"750\" height=\"430\" src=\"https:\/\/linitiative.ca\/International\/wp-content\/uploads\/sites\/23\/2022\/01\/nuage_mC3A9tC3A9o_ciel-2.jpg\" class=\"attachment-post-thumbnail size-post-thumbnail wp-post-image\" alt=\"\" srcset=\"https:\/\/linitiative.ca\/International\/wp-content\/uploads\/sites\/23\/2022\/01\/nuage_mC3A9tC3A9o_ciel-2.jpg 750w, https:\/\/www.mapmarrakech.ma\/map\/uploads\/2021\/11\/nuage_m\u00e9t\u00e9o_ciel-2-300x172.jpg 300w\" sizes=\"auto, (max-width: 750px) 100vw, 750px\"><\/div>\n<p>\u2013 Chutes de neige sur le Haut Atlas et les versants Sud-Est.<\/p>\n<p>\u2013 Pluies ou averses sur le Sud-Est, le Haut et le Moyen Atlas.<\/p>\n<p>\u2013 Gouttes \u00e9parses sur le Sud de l\u2019Oriental, Chiadma et Souss.<\/p>\n<p>\u2013 Temps assez froid avec gel\u00e9e locale sur l\u2019Atlas, le Rif, l\u2019Oriental et le Sud-Est.<\/p>\n<p>\u2013 Rafales de vent parfois assez fortes sur le Tang\u00e9rois et le Nord des provinces Sud.<\/p>\n<p>\u2013 Temp\u00e9ratures minimales de l\u2019ordre de -05\/02\u00b0C sur l\u2019Atlas, de 00\/06\u00b0C sur le Sud-est, le Sud de l\u2019Oriental et le Rif, de 03\/08\u00b0C sur le Nord de l\u2019Oriental, le Saiss, les plateaux de Phosphates et d\u2019Oulm\u00e8s, 13\/20\u00b0C sur l\u2019extr\u00eame Sud et de 08\/13\u00b0C ailleurs.<\/p>\n<p>\u2013 Temp\u00e9ratures maximales en l\u00e9g\u00e8re baisse ou stationnaire.<\/p>\n<p>\u2013 Mer peu agit\u00e9e \u00e0 agit\u00e9e sur la M\u00e9diterran\u00e9e, agit\u00e9e \u00e0 forte sur le D\u00e9troit et peu agit\u00e9e \u00e0 agit\u00e9e le long du littoral atlantique.<\/p>\n<p>The post <a rel=\"nofollow\" href=\"https:\/\/www.mapmarrakech.ma\/fr\/previsions-meteorologiques-pour-le-jeudi-27-janvier-2022\/\">Pr\u00e9visions m\u00e9t\u00e9orologiques pour le jeudi 27 janvier 2022<\/a> appeared first on <a rel=\"nofollow\" href=\"https:\/\/www.mapmarrakech.ma\/fr\">MapMarrakech<\/a>.<\/p>\n<\/div>\n<p>Auteur: Meriem IGASS<br \/>\n<a href=\"https:\/\/www.mapmarrakech.ma\/fr\/previsions-meteorologiques-pour-le-jeudi-27-janvier-2022\/\">Cliquez ici pour lire l&rsquo;article depuis sa source.<\/a><\/p>\n","protected":false},"excerpt":{"rendered":"<p>\u2013 Chutes de neige sur le Haut Atlas et les versants Sud-Est. \u2013 Pluies ou averses sur le Sud-Est, le Haut et le Moyen Atlas. \u2013 Gouttes \u00e9parses sur le Sud de l\u2019Oriental, Chiadma et Souss. \u2013 Temps assez froid avec gel\u00e9e locale sur l\u2019Atlas, le Rif, l\u2019Oriental et le Sud-Est. \u2013 Rafales de vent [&hellip;]<\/p>\n","protected":false},"author":1788,"featured_media":0,"comment_status":"closed","ping_status":"closed","sticky":false,"template":"","format":"standard","meta":{"fifu_image_url":"https:\/\/www.mapmarrakech.ma\/map\/uploads\/2021\/11\/nuage_m\u00e9t\u00e9o_ciel-2.jpg","fifu_image_alt":"Pr\u00e9visions m\u00e9t\u00e9orologiques pour le jeudi 27 janvier 2022","footnotes":""},"categories":[54,76],"tags":[],"class_list":["post-139460","post","type-post","status-publish","format-standard","hentry","category-maroc","category-regions"],"_links":{"self":[{"href":"https:\/\/linitiative.ca\/International\/wp-json\/wp\/v2\/posts\/139460","targetHints":{"allow":["GET"]}}],"collection":[{"href":"https:\/\/linitiative.ca\/International\/wp-json\/wp\/v2\/posts"}],"about":[{"href":"https:\/\/linitiative.ca\/International\/wp-json\/wp\/v2\/types\/post"}],"author":[{"embeddable":true,"href":"https:\/\/linitiative.ca\/International\/wp-json\/wp\/v2\/users\/1788"}],"replies":[{"embeddable":true,"href":"https:\/\/linitiative.ca\/International\/wp-json\/wp\/v2\/comments?post=139460"}],"version-history":[{"count":0,"href":"https:\/\/linitiative.ca\/International\/wp-json\/wp\/v2\/posts\/139460\/revisions"}],"wp:attachment":[{"href":"https:\/\/linitiative.ca\/International\/wp-json\/wp\/v2\/media?parent=139460"}],"wp:term":[{"taxonomy":"category","embeddable":true,"href":"https:\/\/linitiative.ca\/International\/wp-json\/wp\/v2\/categories?post=139460"},{"taxonomy":"post_tag","embeddable":true,"href":"https:\/\/linitiative.ca\/International\/wp-json\/wp\/v2\/tags?post=139460"}],"curies":[{"name":"wp","href":"https:\/\/api.w.org\/{rel}","templated":true}]}}