{"id":139462,"date":"2022-01-26T10:43:20","date_gmt":"2022-01-26T15:43:20","guid":{"rendered":"https:\/\/linitiative.ca\/International\/des-chutes-de-neige-de-mercredi-a-vendredi-bulletin-special\/"},"modified":"2022-01-26T10:43:20","modified_gmt":"2022-01-26T15:43:20","slug":"des-chutes-de-neige-de-mercredi-a-vendredi-bulletin-special","status":"publish","type":"post","link":"https:\/\/linitiative.ca\/International\/des-chutes-de-neige-de-mercredi-a-vendredi-bulletin-special\/","title":{"rendered":"Des chutes de neige de mercredi \u00e0 vendredi (Bulletin sp\u00e9cial)"},"content":{"rendered":"<div>\n<div style=\"margin-bottom:20px;\"><img loading=\"lazy\" decoding=\"async\" width=\"750\" height=\"430\" src=\"https:\/\/linitiative.ca\/International\/wp-content\/uploads\/sites\/23\/2022\/01\/Premiers-flocons-de-neige-750C397430-MAP.jpg\" class=\"attachment-post-thumbnail size-post-thumbnail wp-post-image\" alt=\"\" srcset=\"https:\/\/linitiative.ca\/International\/wp-content\/uploads\/sites\/23\/2022\/01\/Premiers-flocons-de-neige-750C397430-MAP.jpg 750w, https:\/\/www.mapoujda.ma\/map\/uploads\/2021\/12\/Premiers-flocons-de-neige-750\u00d7430-MAP-300x172.jpg 300w\" sizes=\"auto, (max-width: 750px) 100vw, 750px\"><\/div>\n<div class=\"entry-content clearfix single-post-content\">\n<p style=\"text-align: justify;\">Des chutes de neige\u00a0sont attendues de\u00a0mercredi \u00e0 vendredi dans plusieurs provinces du Royaume (Bulletin sp\u00e9cial), a annonc\u00e9 la Direction g\u00e9n\u00e9rale de la m\u00e9t\u00e9orologie (DGM).<\/p>\n<p style=\"text-align: justify;\">Ces chutes de neige concerneront les provinces d\u2019Azilal, d\u2019Al Haouz, Tinghir, Errachidia, Midelt et Ouarzazate (20-40 cm) et celles de Figuig, Zagora et Taroudant (10-20 cm), a pr\u00e9cis\u00e9 la DGM dans un bulletin d\u2019alerte m\u00e9t\u00e9orologique de niveau orange.<\/p>\n<\/div>\n<p>L\u2019article <a rel=\"nofollow\" href=\"https:\/\/www.mapoujda.ma\/fr\/des-chutes-de-neige-de-mercredi-a-vendredi-bulletin-special\/\">Des chutes de neige de mercredi \u00e0 vendredi (Bulletin sp\u00e9cial)<\/a> est apparu en premier sur <a rel=\"nofollow\" href=\"https:\/\/www.mapoujda.ma\/fr\">MapOujda<\/a>.<\/p>\n<\/div>\n<p>Auteur: Soufiane ELAHMAR<br \/>\n<a href=\"https:\/\/www.mapoujda.ma\/fr\/des-chutes-de-neige-de-mercredi-a-vendredi-bulletin-special\/\">Cliquez ici pour lire l&rsquo;article depuis sa source.<\/a><\/p>\n","protected":false},"excerpt":{"rendered":"<p>Des chutes de neige\u00a0sont attendues de\u00a0mercredi \u00e0 vendredi dans plusieurs provinces du Royaume (Bulletin sp\u00e9cial), a annonc\u00e9 la Direction g\u00e9n\u00e9rale de la m\u00e9t\u00e9orologie (DGM). Ces chutes de neige concerneront les provinces d\u2019Azilal, d\u2019Al Haouz, Tinghir, Errachidia, Midelt et Ouarzazate (20-40 cm) et celles de Figuig, Zagora et Taroudant (10-20 cm), a pr\u00e9cis\u00e9 la DGM dans [&hellip;]<\/p>\n","protected":false},"author":1788,"featured_media":0,"comment_status":"closed","ping_status":"closed","sticky":false,"template":"","format":"standard","meta":{"fifu_image_url":"https:\/\/www.mapoujda.ma\/map\/uploads\/2021\/12\/Premiers-flocons-de-neige-750\u00d7430-MAP.jpg","fifu_image_alt":"Des chutes de neige de mercredi \u00e0 vendredi (Bulletin sp\u00e9cial)","footnotes":""},"categories":[54,76],"tags":[],"class_list":["post-139462","post","type-post","status-publish","format-standard","hentry","category-maroc","category-regions"],"_links":{"self":[{"href":"https:\/\/linitiative.ca\/International\/wp-json\/wp\/v2\/posts\/139462","targetHints":{"allow":["GET"]}}],"collection":[{"href":"https:\/\/linitiative.ca\/International\/wp-json\/wp\/v2\/posts"}],"about":[{"href":"https:\/\/linitiative.ca\/International\/wp-json\/wp\/v2\/types\/post"}],"author":[{"embeddable":true,"href":"https:\/\/linitiative.ca\/International\/wp-json\/wp\/v2\/users\/1788"}],"replies":[{"embeddable":true,"href":"https:\/\/linitiative.ca\/International\/wp-json\/wp\/v2\/comments?post=139462"}],"version-history":[{"count":0,"href":"https:\/\/linitiative.ca\/International\/wp-json\/wp\/v2\/posts\/139462\/revisions"}],"wp:attachment":[{"href":"https:\/\/linitiative.ca\/International\/wp-json\/wp\/v2\/media?parent=139462"}],"wp:term":[{"taxonomy":"category","embeddable":true,"href":"https:\/\/linitiative.ca\/International\/wp-json\/wp\/v2\/categories?post=139462"},{"taxonomy":"post_tag","embeddable":true,"href":"https:\/\/linitiative.ca\/International\/wp-json\/wp\/v2\/tags?post=139462"}],"curies":[{"name":"wp","href":"https:\/\/api.w.org\/{rel}","templated":true}]}}