{"id":139464,"date":"2022-01-26T10:37:37","date_gmt":"2022-01-26T15:37:37","guid":{"rendered":"https:\/\/linitiative.ca\/International\/nestle-yasser-abdul-malak-nomme-chairman-ceo-mena\/"},"modified":"2022-01-26T10:37:37","modified_gmt":"2022-01-26T15:37:37","slug":"nestle-yasser-abdul-malak-nomme-chairman-ceo-mena","status":"publish","type":"post","link":"https:\/\/linitiative.ca\/International\/nestle-yasser-abdul-malak-nomme-chairman-ceo-mena\/","title":{"rendered":"Nestl\u00e9: Yasser Abdul Malak nomm\u00e9 Chairman &amp; CEO MENA"},"content":{"rendered":"<div>\n<div class=\"field field-name-body field-type-text-with-summary field-label-hidden\">\n<div class=\"field-items\">\n<div class=\"field-item even\" property=\"content:encoded\">\n<p class=\"rtejustify\">Nestl\u00e9 a annonc\u00e9 la nomination de Yasser Abdul Malak au poste de Chairman &amp; CEO pour la r\u00e9gion Moyen-Orient et Afrique du Nord (Middle East and North Africa \u2013 MENA), qui a pris effet le 1er janvier 2022.<\/p>\n<p class=\"rtejustify\">Abdul Malak succ\u00e8de \u00e0 Remy Ejel, qui a rejoint le Nestl\u00e9 Executive Board en tant que Executive Vice President et CEO de la zone Asie, Oc\u00e9anie et Afrique (AOA), qui comprend la r\u00e9gion MENA, indique Nestl\u00e9.<\/p>\n<\/div>\n<\/div>\n<\/div>\n<\/div>\n<p>Auteur: mbasraoui<br \/>\n<a href=\"https:\/\/www.leconomiste.com\/flash-infos\/nestle-yasser-abdul-malak-nomme-chairman-ceo-mena\">Cliquez ici pour lire l&rsquo;article depuis sa source.<\/a><\/p>\n","protected":false},"excerpt":{"rendered":"<p>Nestl\u00e9 a annonc\u00e9 la nomination de Yasser Abdul Malak au poste de Chairman &amp; CEO pour la r\u00e9gion Moyen-Orient et Afrique du Nord (Middle East and North Africa \u2013 MENA), qui a pris effet le 1er janvier 2022. Abdul Malak succ\u00e8de \u00e0 Remy Ejel, qui a rejoint le Nestl\u00e9 Executive Board en tant que Executive [&hellip;]<\/p>\n","protected":false},"author":1763,"featured_media":0,"comment_status":"closed","ping_status":"closed","sticky":false,"template":"","format":"standard","meta":{"fifu_image_url":"","fifu_image_alt":"","footnotes":""},"categories":[78,54],"tags":[],"class_list":["post-139464","post","type-post","status-publish","format-standard","hentry","category-economie","category-maroc"],"_links":{"self":[{"href":"https:\/\/linitiative.ca\/International\/wp-json\/wp\/v2\/posts\/139464","targetHints":{"allow":["GET"]}}],"collection":[{"href":"https:\/\/linitiative.ca\/International\/wp-json\/wp\/v2\/posts"}],"about":[{"href":"https:\/\/linitiative.ca\/International\/wp-json\/wp\/v2\/types\/post"}],"author":[{"embeddable":true,"href":"https:\/\/linitiative.ca\/International\/wp-json\/wp\/v2\/users\/1763"}],"replies":[{"embeddable":true,"href":"https:\/\/linitiative.ca\/International\/wp-json\/wp\/v2\/comments?post=139464"}],"version-history":[{"count":0,"href":"https:\/\/linitiative.ca\/International\/wp-json\/wp\/v2\/posts\/139464\/revisions"}],"wp:attachment":[{"href":"https:\/\/linitiative.ca\/International\/wp-json\/wp\/v2\/media?parent=139464"}],"wp:term":[{"taxonomy":"category","embeddable":true,"href":"https:\/\/linitiative.ca\/International\/wp-json\/wp\/v2\/categories?post=139464"},{"taxonomy":"post_tag","embeddable":true,"href":"https:\/\/linitiative.ca\/International\/wp-json\/wp\/v2\/tags?post=139464"}],"curies":[{"name":"wp","href":"https:\/\/api.w.org\/{rel}","templated":true}]}}