{"id":139465,"date":"2022-01-26T10:56:00","date_gmt":"2022-01-26T15:56:00","guid":{"rendered":"https:\/\/linitiative.ca\/International\/cobalt-recycle-glencore-et-managem-signent-un-partenariat-strategique\/"},"modified":"2022-01-26T10:56:00","modified_gmt":"2022-01-26T15:56:00","slug":"cobalt-recycle-glencore-et-managem-signent-un-partenariat-strategique","status":"publish","type":"post","link":"https:\/\/linitiative.ca\/International\/cobalt-recycle-glencore-et-managem-signent-un-partenariat-strategique\/","title":{"rendered":"Cobalt recycl\u00e9: Glencore et Managem signent un partenariat strat\u00e9gique"},"content":{"rendered":"<div>\n<div class=\"field field-name-body field-type-text-with-summary field-label-hidden\">\n<div class=\"field-items\">\n<div class=\"field-item even\" property=\"content:encoded\">\n<p class=\"rtejustify\">Glencore et Managem ont sign\u00e9 un partenariat pour produire du cobalt \u00e0 partir de mat\u00e9riaux de batteries recycl\u00e9es au sein des unit\u00e9s hydrom\u00e9tallurgiques CTT de Managem \u00e0 Guemassa (37 km de Marrakech).<\/p>\n<\/div>\n<\/div>\n<\/div>\n<\/div>\n<p>Auteur: mbasraoui<br \/>\n<a href=\"https:\/\/www.leconomiste.com\/flash-infos\/cobalt-recycle-glencore-et-managem-signent-un-partenariat-strategique\">Cliquez ici pour lire l&rsquo;article depuis sa source.<\/a><\/p>\n","protected":false},"excerpt":{"rendered":"<p>Glencore et Managem ont sign\u00e9 un partenariat pour produire du cobalt \u00e0 partir de mat\u00e9riaux de batteries recycl\u00e9es au sein des unit\u00e9s hydrom\u00e9tallurgiques CTT de Managem \u00e0 Guemassa (37 km de Marrakech). Auteur: mbasraoui Cliquez ici pour lire l&rsquo;article depuis sa source.<\/p>\n","protected":false},"author":1763,"featured_media":0,"comment_status":"closed","ping_status":"closed","sticky":false,"template":"","format":"standard","meta":{"fifu_image_url":"","fifu_image_alt":"","footnotes":""},"categories":[78,54],"tags":[],"class_list":["post-139465","post","type-post","status-publish","format-standard","hentry","category-economie","category-maroc"],"_links":{"self":[{"href":"https:\/\/linitiative.ca\/International\/wp-json\/wp\/v2\/posts\/139465","targetHints":{"allow":["GET"]}}],"collection":[{"href":"https:\/\/linitiative.ca\/International\/wp-json\/wp\/v2\/posts"}],"about":[{"href":"https:\/\/linitiative.ca\/International\/wp-json\/wp\/v2\/types\/post"}],"author":[{"embeddable":true,"href":"https:\/\/linitiative.ca\/International\/wp-json\/wp\/v2\/users\/1763"}],"replies":[{"embeddable":true,"href":"https:\/\/linitiative.ca\/International\/wp-json\/wp\/v2\/comments?post=139465"}],"version-history":[{"count":0,"href":"https:\/\/linitiative.ca\/International\/wp-json\/wp\/v2\/posts\/139465\/revisions"}],"wp:attachment":[{"href":"https:\/\/linitiative.ca\/International\/wp-json\/wp\/v2\/media?parent=139465"}],"wp:term":[{"taxonomy":"category","embeddable":true,"href":"https:\/\/linitiative.ca\/International\/wp-json\/wp\/v2\/categories?post=139465"},{"taxonomy":"post_tag","embeddable":true,"href":"https:\/\/linitiative.ca\/International\/wp-json\/wp\/v2\/tags?post=139465"}],"curies":[{"name":"wp","href":"https:\/\/api.w.org\/{rel}","templated":true}]}}