{"id":139466,"date":"2022-01-26T11:29:40","date_gmt":"2022-01-26T16:29:40","guid":{"rendered":"https:\/\/linitiative.ca\/International\/bvc-reconduction-de-la-suspension-des-titres-de-capital-de-lydec\/"},"modified":"2022-01-26T11:29:40","modified_gmt":"2022-01-26T16:29:40","slug":"bvc-reconduction-de-la-suspension-des-titres-de-capital-de-lydec","status":"publish","type":"post","link":"https:\/\/linitiative.ca\/International\/bvc-reconduction-de-la-suspension-des-titres-de-capital-de-lydec\/","title":{"rendered":"BVC: Reconduction de la suspension des titres de capital de Lydec"},"content":{"rendered":"<div>\n<div class=\"field field-name-body field-type-text-with-summary field-label-hidden\">\n<div class=\"field-items\">\n<div class=\"field-item even\" property=\"content:encoded\">\n<p class=\"rtejustify\">La suspension de la cotation des titres de capital de la soci\u00e9t\u00e9 \u00ab Lydec \u00bb a \u00e9t\u00e9 reconduite \u00e0 compter du 25 janvier 2022, et ce, suite au d\u00e9p\u00f4t d\u2019un projet d\u2019offre publique concernant ladite soci\u00e9t\u00e9.<\/p>\n<p class=\"rtejustify\">\u00ab Suite \u00e0 la demande de l\u2019Autorit\u00e9 marocaine du march\u00e9 des capitaux, la suspension de la cotation des titres de capital de la soci\u00e9t\u00e9 Lyedc est reconduite \u00e0 compter du 25 janvier 2022, et ce, suite au d\u00e9p\u00f4t d\u2019un projet d\u2019offre publique concernant ladite soci\u00e9t\u00e9 \u00bb, lit-on dans un avis de la Bourse de Casablanca.<\/p>\n<p class=\"rtejustify\">\u00a0<\/p>\n<\/div>\n<\/div>\n<\/div>\n<\/div>\n<p>Auteur: mbasraoui<br \/>\n<a href=\"https:\/\/www.leconomiste.com\/flash-infos\/bvc-reconduction-de-la-suspension-des-titres-de-capital-de-lydec\">Cliquez ici pour lire l&rsquo;article depuis sa source.<\/a><\/p>\n","protected":false},"excerpt":{"rendered":"<p>La suspension de la cotation des titres de capital de la soci\u00e9t\u00e9 \u00ab Lydec \u00bb a \u00e9t\u00e9 reconduite \u00e0 compter du 25 janvier 2022, et ce, suite au d\u00e9p\u00f4t d\u2019un projet d\u2019offre publique concernant ladite soci\u00e9t\u00e9. \u00ab Suite \u00e0 la demande de l\u2019Autorit\u00e9 marocaine du march\u00e9 des capitaux, la suspension de la cotation des titres [&hellip;]<\/p>\n","protected":false},"author":1763,"featured_media":0,"comment_status":"closed","ping_status":"closed","sticky":false,"template":"","format":"standard","meta":{"fifu_image_url":"","fifu_image_alt":"","footnotes":""},"categories":[78,54],"tags":[],"class_list":["post-139466","post","type-post","status-publish","format-standard","hentry","category-economie","category-maroc"],"_links":{"self":[{"href":"https:\/\/linitiative.ca\/International\/wp-json\/wp\/v2\/posts\/139466","targetHints":{"allow":["GET"]}}],"collection":[{"href":"https:\/\/linitiative.ca\/International\/wp-json\/wp\/v2\/posts"}],"about":[{"href":"https:\/\/linitiative.ca\/International\/wp-json\/wp\/v2\/types\/post"}],"author":[{"embeddable":true,"href":"https:\/\/linitiative.ca\/International\/wp-json\/wp\/v2\/users\/1763"}],"replies":[{"embeddable":true,"href":"https:\/\/linitiative.ca\/International\/wp-json\/wp\/v2\/comments?post=139466"}],"version-history":[{"count":0,"href":"https:\/\/linitiative.ca\/International\/wp-json\/wp\/v2\/posts\/139466\/revisions"}],"wp:attachment":[{"href":"https:\/\/linitiative.ca\/International\/wp-json\/wp\/v2\/media?parent=139466"}],"wp:term":[{"taxonomy":"category","embeddable":true,"href":"https:\/\/linitiative.ca\/International\/wp-json\/wp\/v2\/categories?post=139466"},{"taxonomy":"post_tag","embeddable":true,"href":"https:\/\/linitiative.ca\/International\/wp-json\/wp\/v2\/tags?post=139466"}],"curies":[{"name":"wp","href":"https:\/\/api.w.org\/{rel}","templated":true}]}}