{"id":13947,"date":"2019-02-13T16:54:02","date_gmt":"2019-02-13T21:54:02","guid":{"rendered":"https:\/\/linitiative.ca\/International\/alfred-dibi-millogo-vice-president-de-lassociation-burkinbi-bara-il-faut-une-revolution-mentale-pour-vaincre-la-pauvrete\/"},"modified":"2019-02-13T16:54:02","modified_gmt":"2019-02-13T21:54:02","slug":"alfred-dibi-millogo-vice-president-de-lassociation-burkinbi-bara-il-faut-une-revolution-mentale-pour-vaincre-la-pauvrete","status":"publish","type":"post","link":"https:\/\/linitiative.ca\/International\/alfred-dibi-millogo-vice-president-de-lassociation-burkinbi-bara-il-faut-une-revolution-mentale-pour-vaincre-la-pauvrete\/","title":{"rendered":"Alfred Dibi Millogo, vice-pr\u00e9sident de l\u2019association \u00ab\u00a0Burkinbi-bara \u00bb : \u00abIl faut une r\u00e9volution mentale pour vaincre la pauvret\u00e9\u00bb"},"content":{"rendered":"<div class=\"td-post-featured-image\"><a href=\"https:\/\/i2.wp.com\/www.sidwaya.info\/wp-content\/uploads\/2019\/02\/interview.jpg?fit=700%2C446&#038;ssl=1\" data-caption=\"\"><img loading=\"lazy\" decoding=\"async\" width=\"696\" height=\"443\" class=\"entry-thumb td-modal-image\" src=\"https:\/\/i2.wp.com\/www.sidwaya.info\/wp-content\/uploads\/2019\/02\/interview.jpg?resize=696%2C443&#038;ssl=1\" srcset=\"https:\/\/i2.wp.com\/www.sidwaya.info\/wp-content\/uploads\/2019\/02\/interview.jpg?w=700&#038;ssl=1 700w, https:\/\/i2.wp.com\/www.sidwaya.info\/wp-content\/uploads\/2019\/02\/interview.jpg?resize=300%2C191&#038;ssl=1 300w, https:\/\/i2.wp.com\/www.sidwaya.info\/wp-content\/uploads\/2019\/02\/interview.jpg?resize=696%2C443&#038;ssl=1 696w, https:\/\/i2.wp.com\/www.sidwaya.info\/wp-content\/uploads\/2019\/02\/interview.jpg?resize=659%2C420&#038;ssl=1 659w\" sizes=\"auto, (max-width: 696px) 100vw, 696px\" alt=\"\" title=\"interview\"\/><\/a><\/div>\n<p><strong>Dans cet entretien, Alfred Dibi Millogo, coach, vice-pr\u00e9sident de l\u2019association \u00ab Burkinbi-bara \u00bb et directeur ex\u00e9cutif adjoint de l\u2019Autorit\u00e9 du bassin de la Volta (ABV) nous livre sa vision pour un d\u00e9veloppement personnel et collectif. Il plaide pour une r\u00e9volution mentale et d\u00e9cr\u00e8te la fin de la faim au Burkina Faso d\u2019ici la prochaine d\u00e9cennie si\u2026<\/strong><\/p>\n<p><strong>Sidwaya (S.) : Quel r\u00f4le joue l\u2019Autorit\u00e9 du bassin de la Volta (ABV) dans le d\u00e9veloppement durable ?<\/strong><br \/><strong>Dibi Alfred Millogo (D.A.M.) :<\/strong> l\u2019Autorit\u00e9 du bassin de la Volta (ABV) est un organisme de bassin mis en place par les pays qui ont en partage le bassin de la Volta, lors d\u2019un sommet des chefs d\u2019Etat et de gouvernements, le 19 janvier 2007 par la signature de la convention portant statut du fleuve Volta et cr\u00e9ation de l\u2019ABV. L\u2019organisation regroupe six pays africains dont le Burkina Faso, le B\u00e9nin, la C\u00f4te d\u2019Ivoire, le Ghana, le Mali et le Togo. L\u2019ABV permet aux populations qui partagent le bassin de mutualiser les efforts dans la gestion des ressources naturelles dans un contexte de changement climatique.<\/p>\n<p><strong>S. : Quelles sont les principales missions de cette institution sous r\u00e9gionale ?<\/strong><br \/><strong>D.A.M. :<\/strong> L\u2019organisation est charg\u00e9e principalement de la gestion rationnelle et int\u00e9gr\u00e9e des ressources en eau du bassin de la Volta. Elle \u0153uvre \u00e0 la sauvegarde de l\u2019environnement et des \u00e9cosyst\u00e8mes du fleuve. Aussi, l\u2019ABV travaille \u00e0 une concertation permanente entre les Etats-membres en vue de la r\u00e9alisation de projets, d\u2019infrastructures et d\u2019ouvrages communs ou d\u2019int\u00e9r\u00eat commun. L\u2019institution se veut un v\u00e9ritable outil d\u2019int\u00e9gration \u00e9conomique et sociale. Pour impacter durablement les populations \u00e0 la base, il convient de r\u00e9ussir la construction d\u2019ouvrages communs comme le barrage du Noumbiel que nous envisageons avec la plus grande s\u00e9r\u00e9nit\u00e9.<\/p>\n<p><strong>S. : Vous \u00eates \u00e9galement dans le domaine du coaching. Qu\u2019en est-il ?<\/strong><br \/><strong>D.A.. :<\/strong> Tout \u00e0 fait. Si le coaching consiste \u00e0 accompagner un individu d\u2019un point A \u00e0 un point B dans le processus de son d\u00e9veloppement personnel, nous sommes fiers de pouvoir le faire depuis un certain nombre d\u2019ann\u00e9es et d\u2019avoir un retour tr\u00e8s gratifiant quant aux r\u00e9sultats. Au-del\u00e0 de cet accompagnement personnel, nous donnons aussi des formations aux jeunes en vue de susciter en eux le go\u00fbt de l\u2019entrepreneuriat ou de les aider \u00e0 parvenir \u00e0 concr\u00e9tiser leurs r\u00eaves.<\/p>\n<p>C\u2019est dans cette optique qu\u2019il faut comprendre le concept \u00ab briller pour que la nation brille \u00bb qui est une \u00e9mission t\u00e9l\u00e9visuelle d\u2019\u00e9veil de conscience sur nos valeurs et l\u2019immense potentiel qui sommeille en chacun de nous. Ce concept devra \u00e9galement aboutir au Concept de club des ambassadeurs de l\u2019\u00e9veil du potentiel humain (CAEPH). Il s\u2019agira des clubs qui devront se constituer dans nos villes, communes et campagnes, dans nos \u00e9coles et universit\u00e9s, pour travailler r\u00e9guli\u00e8rement \u00e0 l\u2019av\u00e8nement d\u2019un Burkinab\u00e8 du type nouveau, qui sait qu\u2019il a un potentiel humain immense qu\u2019il doit exprimer pour le bonheur de l\u2019humanit\u00e9 enti\u00e8re.<\/p>\n<p>Un autre concept est celui du \u00ab Bil academy \u00bb qui est un vaste programme d\u2019entrepreneuriat et de leadership. Il touche plusieurs secteurs professionnels dont la communication, l\u2019\u00e9ducation, le marketing, les m\u00e9dias etc. Avec ce programme, nous avons r\u00e9ussi \u00e0 accompagner, avec succ\u00e8s, des entreprises \u00e0 prosp\u00e9rer. Nous avons aid\u00e9 des jeunes dans leurs projets de d\u00e9veloppement et organis\u00e9 des s\u00e9ances de formation en leadership. L\u2019autre programme-phare, n\u00e9 de Bil academy, est le \u00ab Song taaba \u00bb qui est une id\u00e9e d\u2019entreprise r\u00e9volutionnaire pour les gens qui aiment aider les autres. Pour nous, le monde d\u2019aujourd\u2019hui souffre de deux principaux probl\u00e8mes: l\u2019ignorance et l\u2019\u00e9go\u00efsme ou les deux \u00e0 la fois.<\/p>\n<p>Le programme \u00ab Song taaba \u00bb en est une r\u00e9ponse parfaite qui peut r\u00e9soudre la question de ch\u00f4mage. Une autre conviction est que vous ne pouvez pas \u00eatre riches et heureux tout seul dans un oc\u00e9an de mis\u00e8res. Il faut donc partager le savoir et disponibiliser les ressources pour faire avancer la communaut\u00e9, le pays. C\u2019est ce que nous appelons une r\u00e9volution \u00e9conomique et entrepreneuriale. En plus, vous avez le programme \u00ab Youth empower \u00bb essentiellement d\u00e9di\u00e9 \u00e0 la jeunesse qui dispense gratuitement des formations (avec des t\u00e9moignages des hommes \u00e0 succ\u00e8s) aux jeunes sans-emplois afin de les aider \u00e0 embrasser avec lucidit\u00e9 le monde des affaires.<\/p>\n<p><strong>S. : Quels peuvent \u00eatre les apports de ces concepts dans l\u2019autoemploi de la jeunesse burkinab\u00e8 ?<\/strong><br \/><strong>D.A.M. :<\/strong> Avant, on nous disait d\u2019aller \u00e0 l\u2019\u00e9cole, d\u2019\u00e9tudier bien et le bon emploi serait garanti. Nos jeunes fr\u00e8res et s\u0153urs constatent avec amertume que cela n\u2019est pas le cas aujourd\u2019hui. Ces concepts sont donc cr\u00e9\u00e9s pour soutenir les jeunes dans leurs d\u00e9marches entrepreneuriales. Avec la batterie de programmes qui accompagne chaque concept, nous arrivons \u00e0 ouvrir des portes pour ceux qui nous font confiance et \u00e0 impacter directement leur r\u00eave d\u2019entreprendre.<\/p>\n<p><strong>S. : Quelles sont les innovations que vous d\u00e9sirez apporter dans le secteur des affaires au Burkina Faso ?<\/strong><br \/><strong>D.A.M. :<\/strong> L\u2019environnement des affaires au Burkina Faso est riche et vari\u00e9. Et chaque individu a du potentiel et un minimum d\u2019intelligence \u00e9conomique qui peut lui permettre de se r\u00e9aliser. Certains pensent que c\u2019est en faisant la politique politicienne, en d\u00e9tournant des richesses publiques, qu\u2019on parvient \u00e0 se faire une sant\u00e9 financi\u00e8re. Nous disons non ! On peut bien \u00eatre honn\u00eate et immens\u00e9ment riche. Et nous invitons la jeunesse \u00e0 avoir confiance en elle et \u00e0 se focaliser sur ses comp\u00e9tences intellectuelles et culturelles, \u00e0 d\u00e9velopper des initiatives et \u00e0 int\u00e9grer les mastermind des gens qui r\u00e9ussissent.<\/p>\n<p><strong>S. : Comment \u00eates-vous arriv\u00e9 dans l\u2019agro-industrie au point de cr\u00e9er avec le Larl\u00e9 Naaba une association ?<\/strong><br \/><strong>D.A.M. :<\/strong> Je ne suis pas arriv\u00e9 ; il est vrai que je suis dipl\u00f4m\u00e9 en droit international et compar\u00e9 de l\u2019environnement ainsi qu\u2019en gestion int\u00e9gr\u00e9e des ressources en eau, mais \u00e0 la base, je suis ing\u00e9nieur en d\u00e9veloppement rural, option agronomie. Dans ce sens, ma proximit\u00e9 avec la terre ne pouvait que d\u00e9velopper des ambitions en moi.<\/p>\n<p>Et c\u2019est dans cette dynamique, que j\u2019ai fait la connaissance du Larl\u00e9 Naaba Tigr\u00e9 et ensemble avec d\u2019autres amis, nous avons mis en place une structure qui est l\u2019Association nationale \u00ab Burkinbi-bara \u00bb qui signifie (en mor\u00e9e et dioula ou bobo) le travail des hommes int\u00e8gres. L\u2019association vise \u00e0 valoriser le potentiel des producteurs burkinab\u00e8, \u00e0 promouvoir le d\u00e9veloppement du monde rural et le bien-\u00eatre familial. Par-dessus tout, cette association entend mettre un terme aux fl\u00e9aux tels que la famine, l\u2019extr\u00eame pauvret\u00e9, la malnutrition et le sous-d\u00e9veloppement.<\/p>\n<p><strong>S. : Quelle est la philosophie qui accompagne cette association?<\/strong><br \/><strong>D.A.M. :<\/strong> L\u2019association ambitionne de sonner la fin de la faim d\u2019ici la prochaine d\u00e9cennie. Et c\u2019est possible. Elle est pr\u00e9sente dans les 45 provinces du pays et tend \u00e0 implanter ses bases dans les communes rurales et villages. Par cette initiative bas\u00e9e sur un mod\u00e8le de d\u00e9veloppement endog\u00e8ne, nous voulons aider les acteurs du secteur rural \u00e0 s\u2019associer pour un essor inclusif \u00e0 la base. Burkinbi-bara cr\u00e9e des emplois et organise les producteurs autour des sp\u00e9culations comme le mung bean dont les avantages agronomiques, di\u00e9t\u00e9tiques et nutritionnels ne sont plus \u00e0 d\u00e9montrer aux Burkinab\u00e8.<\/p>\n<p><strong>S. : Quelles sont les domaines d\u2019intervention de Burkinbi-bara ?<\/strong><br \/><strong>D.A.M. :<\/strong> L\u2019association intervient dans plusieurs domaines de d\u00e9veloppement social et \u00e9conomique. Sur le plan agricole, l\u2019association en dehors de la culture du mung bean, accompagne la production de nouvelles sp\u00e9culations comme le moringa, le jatropha (\u00e0 but de la production du biocarburant), les fraises et l\u2019agroforesterie. Au niveau pastoral, elle intervient dans l\u2019\u00e9levage de petits et grands ruminants, l\u2019\u00e9levage des poissons, des abeilles, de la volaille (pintades, poulets locaux et de chair) etc. Du point de vue social, Burkinbi-bara fait plusieurs dons aux populations d\u00e9munies.<\/p>\n<p><strong>S. : Comment fonctionne cette association nationale, pr\u00e9sente dans les 45 provinces du pays ?<\/strong><br \/><strong>D.A.M. :<\/strong> Dans les r\u00e9gions, provinces et communes, des correspondants install\u00e9s par le bureau national pilotent les activit\u00e9s de l\u2019association. Ils encadrent les producteurs et organisent des s\u00e9ances de formation et de sensibilisation au profit des ruraux sur les techniques agricoles. Ce proc\u00e9d\u00e9 vise \u00e0 r\u00e9ussir la production de cette nouvelle culture qu\u2019est le mung bean. Les correspondants planifient l\u2019enl\u00e8vement du surplus de production vers les centres industriels afin de permettre aux producteurs d\u2019avoir un revenu mon\u00e9taire pour scolariser, soigner leurs enfants.<\/p>\n<p><strong>S. : Vous \u00eates l\u2019auteur du roman : \u00ab Mon r\u00eave pour le Burkina Faso, les d\u00e9fis d\u2019un pays post-insurrectionnel \u00bb dans lequel vous sugg\u00e9rez une r\u00e9volution mentale au Burkina. Qu\u2019est-ce que cela signifie ?<\/strong><br \/><strong>D.A.M. :<\/strong> Dans cet ouvrage, j\u2019invite les Burkinab\u00e8 \u00e0 une r\u00e9volution mentale, \u00e0 se surpasser pour faire du pays un mod\u00e8le de d\u00e9veloppement tr\u00e8s respectable. C\u2019est pourquoi dans les colonnes de \u00ab Mon r\u00eave pour le Burkina Faso, les d\u00e9fis d\u2019un pays post-insurrectionnel \u00bb, je m\u2019insurge contre ceux qui pensent que mon pays est pauvre.<\/p>\n<p>Je m\u2019insurge contre notre syst\u00e8me \u00e9ducatif qui est enti\u00e8rement calqu\u00e9 sur le mod\u00e8le occidental et non pas en fonction du type d\u2019homme que nous voulons avoir dans 20 ans, dans 50 ans. Je m\u2019insurge contre ceux qui pensent que notre d\u00e9veloppement viendra de l\u2019aide ext\u00e9rieur. Je refuse l\u2019infantilisation de cette jeunesse, r\u00e9duite au ch\u00f4mage. Je m\u2019insurge contre la jeunesse qui ne cro\u00eet pas en elle. Je refuse d\u2019accepter le fait qu\u2019on ait fait croire \u00e0 ma population que si ce n\u2019est pas par le d\u00e9tournement et d\u2019autres subterfuges tr\u00e8s peu recommandables, on ne peut pas \u00eatre riche. Je refuse la politique politicienne et r\u00e9crimine la malgouvernance. Pour tout cela, vous comprenez qu\u2019il nous faut une r\u00e9volution mentale.<\/p>\n<p class=\"c1\"><strong>Wanl\u00e9 G\u00e9rard COULIBALY<\/strong><\/p>\n<div class=\"td-a-rec td-a-rec-id-content_bottom td_uid_21_5c649de894f2b_rand td_block_template_1\"><img loading=\"lazy\" decoding=\"async\" class=\"alignright size-full wp-image-1724\" src=\"https:\/\/www.sidwaya.info\/wp-content\/uploads\/2018\/12\/sidwaya-pub.jpg\" alt=\"\" width=\"720\" height=\"90\"\/><\/div>\n<p>Auteur: JK. Sidwaya<br \/>\n<a href=\"https:\/\/www.sidwaya.info\/blog\/2019\/02\/13\/alfred-dibi-millogo-vice-president-de-lassociation-burkinbi-bara-il-faut-une-revolution-mentale-pour-vaincre-la-pauvrete\/\">Cliquez ici pour lire l&rsquo;article depuis sa source.<\/a><\/p>\n","protected":false},"excerpt":{"rendered":"<p>Dans cet entretien, Alfred Dibi Millogo, coach, vice-pr\u00e9sident de l\u2019association \u00ab Burkinbi-bara \u00bb et directeur ex\u00e9cutif adjoint de l\u2019Autorit\u00e9 du bassin de la Volta (ABV) nous livre sa vision pour un d\u00e9veloppement personnel et collectif. Il plaide pour une r\u00e9volution mentale et d\u00e9cr\u00e8te la fin de la faim au Burkina Faso d\u2019ici la prochaine d\u00e9cennie [&hellip;]<\/p>\n","protected":false},"author":1816,"featured_media":0,"comment_status":"closed","ping_status":"closed","sticky":false,"template":"","format":"standard","meta":{"fifu_image_url":"","fifu_image_alt":"","footnotes":""},"categories":[73,81],"tags":[],"class_list":["post-13947","post","type-post","status-publish","format-standard","hentry","category-actualite","category-burkina-faso"],"_links":{"self":[{"href":"https:\/\/linitiative.ca\/International\/wp-json\/wp\/v2\/posts\/13947","targetHints":{"allow":["GET"]}}],"collection":[{"href":"https:\/\/linitiative.ca\/International\/wp-json\/wp\/v2\/posts"}],"about":[{"href":"https:\/\/linitiative.ca\/International\/wp-json\/wp\/v2\/types\/post"}],"author":[{"embeddable":true,"href":"https:\/\/linitiative.ca\/International\/wp-json\/wp\/v2\/users\/1816"}],"replies":[{"embeddable":true,"href":"https:\/\/linitiative.ca\/International\/wp-json\/wp\/v2\/comments?post=13947"}],"version-history":[{"count":0,"href":"https:\/\/linitiative.ca\/International\/wp-json\/wp\/v2\/posts\/13947\/revisions"}],"wp:attachment":[{"href":"https:\/\/linitiative.ca\/International\/wp-json\/wp\/v2\/media?parent=13947"}],"wp:term":[{"taxonomy":"category","embeddable":true,"href":"https:\/\/linitiative.ca\/International\/wp-json\/wp\/v2\/categories?post=13947"},{"taxonomy":"post_tag","embeddable":true,"href":"https:\/\/linitiative.ca\/International\/wp-json\/wp\/v2\/tags?post=13947"}],"curies":[{"name":"wp","href":"https:\/\/api.w.org\/{rel}","templated":true}]}}