{"id":139473,"date":"2022-01-26T14:40:00","date_gmt":"2022-01-26T19:40:00","guid":{"rendered":"https:\/\/linitiative.ca\/International\/letonnante-declaration-dinfantino-au-sujet-des-migrants-africains\/"},"modified":"2022-01-26T14:40:00","modified_gmt":"2022-01-26T19:40:00","slug":"letonnante-declaration-dinfantino-au-sujet-des-migrants-africains","status":"publish","type":"post","link":"https:\/\/linitiative.ca\/International\/letonnante-declaration-dinfantino-au-sujet-des-migrants-africains\/","title":{"rendered":"L&rsquo;\u00e9tonnante d\u00e9claration d&rsquo;Infantino au sujet des migrants africains"},"content":{"rendered":"<div>Le pr\u00e9sident de la FIFA a avanc\u00e9 un dr\u00f4le d&rsquo;argument pour d\u00e9fense son projet de coupe du monde tous les deux ans<\/div>\n<p>Auteur:<br \/>\n<a href=\"https:\/\/www.lebuteur.com\/article\/detail?titre=letonnante-declaration-dinfantino-au-sujet-des-migrants-africains&#038;id=102163\">Cliquez ici pour lire l&rsquo;article depuis sa source.<\/a><\/p>\n","protected":false},"excerpt":{"rendered":"<p>Le pr\u00e9sident de la FIFA a avanc\u00e9 un dr\u00f4le d&rsquo;argument pour d\u00e9fense son projet de coupe du monde tous les deux ans Auteur: Cliquez ici pour lire l&rsquo;article depuis sa source.<\/p>\n","protected":false},"author":1738,"featured_media":0,"comment_status":"closed","ping_status":"closed","sticky":false,"template":"","format":"standard","meta":{"fifu_image_url":"","fifu_image_alt":"","footnotes":""},"categories":[53,75],"tags":[],"class_list":["post-139473","post","type-post","status-publish","format-standard","hentry","category-algerie","category-sport"],"_links":{"self":[{"href":"https:\/\/linitiative.ca\/International\/wp-json\/wp\/v2\/posts\/139473","targetHints":{"allow":["GET"]}}],"collection":[{"href":"https:\/\/linitiative.ca\/International\/wp-json\/wp\/v2\/posts"}],"about":[{"href":"https:\/\/linitiative.ca\/International\/wp-json\/wp\/v2\/types\/post"}],"author":[{"embeddable":true,"href":"https:\/\/linitiative.ca\/International\/wp-json\/wp\/v2\/users\/1738"}],"replies":[{"embeddable":true,"href":"https:\/\/linitiative.ca\/International\/wp-json\/wp\/v2\/comments?post=139473"}],"version-history":[{"count":0,"href":"https:\/\/linitiative.ca\/International\/wp-json\/wp\/v2\/posts\/139473\/revisions"}],"wp:attachment":[{"href":"https:\/\/linitiative.ca\/International\/wp-json\/wp\/v2\/media?parent=139473"}],"wp:term":[{"taxonomy":"category","embeddable":true,"href":"https:\/\/linitiative.ca\/International\/wp-json\/wp\/v2\/categories?post=139473"},{"taxonomy":"post_tag","embeddable":true,"href":"https:\/\/linitiative.ca\/International\/wp-json\/wp\/v2\/tags?post=139473"}],"curies":[{"name":"wp","href":"https:\/\/api.w.org\/{rel}","templated":true}]}}