{"id":13948,"date":"2019-02-13T17:33:41","date_gmt":"2019-02-13T22:33:41","guid":{"rendered":"https:\/\/linitiative.ca\/International\/coupe-de-la-confederation-salitas-marque-son-1er-point-dans-la-competition\/"},"modified":"2019-02-13T17:33:41","modified_gmt":"2019-02-13T22:33:41","slug":"coupe-de-la-confederation-salitas-marque-son-1er-point-dans-la-competition","status":"publish","type":"post","link":"https:\/\/linitiative.ca\/International\/coupe-de-la-confederation-salitas-marque-son-1er-point-dans-la-competition\/","title":{"rendered":"Coupe de la Conf\u00e9d\u00e9ration: Salitas marque son 1er point dans la comp\u00e9tition"},"content":{"rendered":"<div class=\"td-post-featured-image\" readability=\"32\"><a href=\"https:\/\/i1.wp.com\/www.sidwaya.info\/wp-content\/uploads\/2019\/02\/salitas.jpg?fit=787%2C526&#038;ssl=1\" data-caption=\"Salitas FC marque un point mais ne bouge pas de la 4e place.\"><img loading=\"lazy\" decoding=\"async\" width=\"696\" height=\"465\" class=\"entry-thumb td-modal-image\" src=\"https:\/\/i1.wp.com\/www.sidwaya.info\/wp-content\/uploads\/2019\/02\/salitas.jpg?resize=696%2C465&#038;ssl=1\" srcset=\"https:\/\/i1.wp.com\/www.sidwaya.info\/wp-content\/uploads\/2019\/02\/salitas.jpg?w=787&#038;ssl=1 787w, https:\/\/i1.wp.com\/www.sidwaya.info\/wp-content\/uploads\/2019\/02\/salitas.jpg?resize=300%2C201&#038;ssl=1 300w, https:\/\/i1.wp.com\/www.sidwaya.info\/wp-content\/uploads\/2019\/02\/salitas.jpg?resize=768%2C513&#038;ssl=1 768w, https:\/\/i1.wp.com\/www.sidwaya.info\/wp-content\/uploads\/2019\/02\/salitas.jpg?resize=696%2C465&#038;ssl=1 696w, https:\/\/i1.wp.com\/www.sidwaya.info\/wp-content\/uploads\/2019\/02\/salitas.jpg?resize=628%2C420&#038;ssl=1 628w\" sizes=\"auto, (max-width: 696px) 100vw, 696px\" alt=\"\" title=\"salitas\"\/><\/a>Salitas FC marque un point mais ne bouge pas de la 4e place.<\/div>\n<p><strong>Salimata et Tass\u00e9r\u00e9 football club (Salitas FC) et l\u2019Etoile sportive du Sahel (ESS) se sont quitt\u00e9s dos \u00e0 dos (0-0) le mercredi 13 f\u00e9vrier au stade du 4-Ao\u00fbt de Ouagadougou, dans le cadre de la 2e journ\u00e9e de la coupe de la Conf\u00e9d\u00e9ration CAF du groupe B. Le club burkinab\u00e8 marque son premier point dans la comp\u00e9tition, mais pouvait mieux faire.<\/strong><\/p>\n<p>Apr\u00e8s sa d\u00e9faite le 3 f\u00e9vrier 2019 \u00e0 Enugu, Salitas FC savait qu\u2019il ne devrait pas se louper lors de sa 2e sortie en coupe de la Conf\u00e9d\u00e9ration de la CAF ce 13 f\u00e9vrier 2019 \u00e0 domicile face \u00e0 l\u2019Etoile sportive du Sahel. A l\u2019issue d\u2019un match tactique certes, mais \u00e9maill\u00e9 de nombreux d\u00e9chets techniques de part et d\u2019autre, les deux \u00e9quipes n\u2019ont pu se d\u00e9partager. Dans un stade du 4-Ao\u00fbt de Ouagadougou pourtant acquis \u00e0 sa cause, Salitas FC a titub\u00e9 les 15 premi\u00e8res minutes de l\u2019entame de la partie.<\/p>\n<p>Les Tunisiens venus de Sousse ont press\u00e9 haut pour emp\u00eacher l\u2019\u00e9quipe du colonel Yac de d\u00e9rouler son jeu habituel. Par deux fois Karim Aribi a manqu\u00e9 le cadre \u00e0 bout portant (10e et 20e), profitant d\u2019une d\u00e9fense tr\u00e8s laxiste des Burkinab\u00e8. L\u2019orage pass\u00e9, les gar\u00e7ons de Ladji Coulibaly se remettront en scelle et reviennent dans la partie, pouss\u00e9s par le public. C\u00e9dric Badolo r\u00e9ussit \u00e0 se frayer un passage dans la d\u00e9fense athl\u00e9tique de l\u2019Etoile du Sahel, mais n\u2019arrive pas \u00e0 cadrer sa frappe (23e). Salitas est enfin dans son match.<\/p>\n<p>Ilasse Sawadogo d\u00e9borde c\u00f4t\u00e9 gauche mais son centre est trop court pour Ousmane Nana qui \u00e9tait \u00e0 l\u2019aff\u00fbt (27e). Par la suite, le jeu de Salitas s\u2019est d\u00e9grad\u00e9, Youssouf Barro et Aboubacar Sidiki Traor\u00e9 ne s\u2019\u00e9tant pas retrouv\u00e9s dans le syst\u00e8me 4-3-3 de coach Ladji Coulibaly. Le lutin capitaine de Salitas, qui a \u00e9t\u00e9 vite remarqu\u00e9 d\u00e8s le coup d\u2019envoi, n\u2019\u00e9tait pas dans son assiette.<\/p>\n<p>Lui qui d\u2019habitude est le d\u00e9positaire du jeu de son \u00e9quipe s\u2019est plut\u00f4t illustr\u00e9 par des pertes de balles et de mauvais choix. \u00ab\u00a0Sidiki Aboubacar Traor\u00e9 ne devait pas d\u00e9marrer le match au vu de ses performances\u00a0\u00bb, a reconnu le ma\u00eetre a pens\u00e9 de Salitas, Ladji Coulibaly.<\/p>\n<h3>\u00ab\u00a0Un nul qui n\u2019arrange personne\u00a0\u00bb<\/h3>\n<p>En deuxi\u00e8me p\u00e9riode, le club de la capitale burkinab\u00e8 a \u00e9t\u00e9 maintes fois au bord de la rupture. Les visiteurs sont ma\u00eetres du ballon et le portier Daouda Diakit\u00e9 a \u00e9t\u00e9 tr\u00e8s sollicit\u00e9. Cependant, les visiteurs n\u2019arriveront pas a profit\u00e9 de leur domination. Ils auront d\u2019ailleurs quelques frayeurs \u00e0 la suite des rares contre-attaques men\u00e9es par le v\u00e9loce attaquant burkinab\u00e8 Illiasse Sawadogo.<\/p>\n<p>Les spectateurs du stade 4-Ao\u00fbt ne verront aucun but dans ce match. Ces deux \u00e9quipes qui avaient perdu leur premier match ne d\u00e9collent pas au classement. Le Club sportif sfaxien (Tunisie) et Enugu Rangers du Nig\u00e9ria qui se croisent \u00e0 Sfax (20h UTC) ne seront donc pas rejoints. \u00ab\u00a0Ce n\u2019est pas une belle op\u00e9ration. On savait que le match n\u2019allait pas \u00eatre facile pour nous ici.<br \/>Ce nul n\u2019arrange personne puisqu\u2019on restera les derniers\u00a0\u00bb, a reconnu, en fin de match, le coach fran\u00e7ais de l\u2019Etoile Sportive du Sahel, Roger Lemerre.<br \/>Salitas se d\u00e9placera le 24 f\u00e9vrier 2019 \u00e0 Sfax lors<br \/>de la 3e journ\u00e9e pour affronter le club sportif Sfaxien pendant que l\u2019Etoile du Sahel recevra Enugu Rangers \u00e0 Sousse.<\/p>\n<p class=\"c1\"><strong>Adama SALAMBERE<\/strong><\/p>\n<hr\/>\n<p><strong>Fiche technique<\/strong><\/p>\n<p>Comp\u00e9tition\u00a0: Coupe de la Conf\u00e9d\u00e9ration CAF (2e journ\u00e9e, phase de poule)<br \/>Mercredi 13 f\u00e9vrier 2019 au stade du 4-Ao\u00fbt de Ouagadougou<br \/>Temps\u00a0: ensoleill\u00e9<br \/>Spectateurs\u00a0: 3000 environ<br \/>Arbitres\u00a0: Georges Gatogato assist\u00e9 de Willy Habimana et de Herv\u00e9 Kakunz\u00e9 (Burundi)<br \/>Avertissement\u00a0: Zied Boughattas (59e), Alaya Brigui (62e) pour l\u2019ESS<br \/>Expulsion\u00a0: N\u00e9ant<\/p>\n<p><strong>Les \u00e9quipes<\/strong><br \/>Salitas FC\u00a0: Daouda Diakit\u00e9-Oula Abass Traor\u00e9, Isma\u00ebl Band\u00e9, Isma\u00ebl Zagr\u00e9, Hermann Niki\u00e9ma-Youssouf Barro (cap), Demankel Elis\u00e9e To, Aboubacar Sidiki Traor\u00e9 (puis Arnaud Bambara, 64e)-C\u00e9dric Badolo, Ilasse Sawadogo (puis Samuel Amoto, 88e), Ousmane Nana (puis Isma\u00ebl Karambiri, 75e). Entra\u00eeneur\u00a0: Ladji Coulibaly<br \/>ESS\u00a0: Makram Bdiri-Kechrida Wazdi, Boughattas Zied (cap), Ben Aziza Saddem, Karim Aouadi-Ahmed Radaoui, Karim Aribi (puis Hazem Haj Hassen, 72e), Mohamed El Methnani, Alaya Brigui-Mohamed Msakni (puis Jammeh Adama, 90+2), Mendoza Gonsalez Darwin (puis Mohamed Firas Ben Arbi, 61e). Entra\u00eeneur\u00a0: Roger Lemerre.<\/p>\n<div class=\"td-a-rec td-a-rec-id-content_bottom td_uid_21_5c649deb3bd2f_rand td_block_template_1\"><img loading=\"lazy\" decoding=\"async\" class=\"alignright size-full wp-image-1724\" src=\"https:\/\/www.sidwaya.info\/wp-content\/uploads\/2018\/12\/sidwaya-pub.jpg\" alt=\"\" width=\"720\" height=\"90\"\/><\/div>\n<p>Auteur: JK. Sidwaya<br \/>\n<a href=\"https:\/\/www.sidwaya.info\/blog\/2019\/02\/13\/coupe-de-la-confederation-salitas-marque-son-1er-point-dans-la-competition\/\">Cliquez ici pour lire l&rsquo;article depuis sa source.<\/a><\/p>\n","protected":false},"excerpt":{"rendered":"<p>Salitas FC marque un point mais ne bouge pas de la 4e place. Salimata et Tass\u00e9r\u00e9 football club (Salitas FC) et l\u2019Etoile sportive du Sahel (ESS) se sont quitt\u00e9s dos \u00e0 dos (0-0) le mercredi 13 f\u00e9vrier au stade du 4-Ao\u00fbt de Ouagadougou, dans le cadre de la 2e journ\u00e9e de la coupe de la [&hellip;]<\/p>\n","protected":false},"author":1816,"featured_media":0,"comment_status":"closed","ping_status":"closed","sticky":false,"template":"","format":"standard","meta":{"fifu_image_url":"","fifu_image_alt":"","footnotes":""},"categories":[73,81],"tags":[],"class_list":["post-13948","post","type-post","status-publish","format-standard","hentry","category-actualite","category-burkina-faso"],"_links":{"self":[{"href":"https:\/\/linitiative.ca\/International\/wp-json\/wp\/v2\/posts\/13948","targetHints":{"allow":["GET"]}}],"collection":[{"href":"https:\/\/linitiative.ca\/International\/wp-json\/wp\/v2\/posts"}],"about":[{"href":"https:\/\/linitiative.ca\/International\/wp-json\/wp\/v2\/types\/post"}],"author":[{"embeddable":true,"href":"https:\/\/linitiative.ca\/International\/wp-json\/wp\/v2\/users\/1816"}],"replies":[{"embeddable":true,"href":"https:\/\/linitiative.ca\/International\/wp-json\/wp\/v2\/comments?post=13948"}],"version-history":[{"count":0,"href":"https:\/\/linitiative.ca\/International\/wp-json\/wp\/v2\/posts\/13948\/revisions"}],"wp:attachment":[{"href":"https:\/\/linitiative.ca\/International\/wp-json\/wp\/v2\/media?parent=13948"}],"wp:term":[{"taxonomy":"category","embeddable":true,"href":"https:\/\/linitiative.ca\/International\/wp-json\/wp\/v2\/categories?post=13948"},{"taxonomy":"post_tag","embeddable":true,"href":"https:\/\/linitiative.ca\/International\/wp-json\/wp\/v2\/tags?post=13948"}],"curies":[{"name":"wp","href":"https:\/\/api.w.org\/{rel}","templated":true}]}}