{"id":139483,"date":"2022-01-26T08:15:37","date_gmt":"2022-01-26T13:15:37","guid":{"rendered":"https:\/\/linitiative.ca\/International\/maroc-la-cgem-a-recu-ahmed-rahhou-president-du-conseil-de-la-concurrence\/"},"modified":"2022-01-26T08:15:37","modified_gmt":"2022-01-26T13:15:37","slug":"maroc-la-cgem-a-recu-ahmed-rahhou-president-du-conseil-de-la-concurrence","status":"publish","type":"post","link":"https:\/\/linitiative.ca\/International\/maroc-la-cgem-a-recu-ahmed-rahhou-president-du-conseil-de-la-concurrence\/","title":{"rendered":"Maroc. La CGEM a re\u00e7u Ahmed Rahhou, Pr\u00e9sident du Conseil de la concurrence"},"content":{"rendered":"<div><img decoding=\"async\" width=\"780\" height=\"468\" src=\"https:\/\/linitiative.ca\/International\/wp-content\/uploads\/sites\/23\/2022\/01\/Ahmed-Rahhou-President-du-Conseil-de-la-concurrence.jpg\" class=\"attachment-post-thumbnail size-post-thumbnail wp-post-image\" alt=\"\" loading=\"lazy\" srcset=\"https:\/\/linitiative.ca\/International\/wp-content\/uploads\/sites\/23\/2022\/01\/Ahmed-Rahhou-President-du-Conseil-de-la-concurrence.jpg 780w, https:\/\/www.challenge.ma\/wp-content\/uploads\/2022\/01\/Ahmed-Rahhou-President-du-Conseil-de-la-concurrence-300x180.jpg 300w, https:\/\/www.challenge.ma\/wp-content\/uploads\/2022\/01\/Ahmed-Rahhou-President-du-Conseil-de-la-concurrence-768x461.jpg 768w, https:\/\/www.challenge.ma\/wp-content\/uploads\/2022\/01\/Ahmed-Rahhou-President-du-Conseil-de-la-concurrence-360x216.jpg 360w, https:\/\/www.challenge.ma\/wp-content\/uploads\/2022\/01\/Ahmed-Rahhou-President-du-Conseil-de-la-concurrence-750x450.jpg 750w\" sizes=\"auto, (max-width: 780px) 100vw, 780px\" itemprop=\"image\">La Conf\u00e9d\u00e9ration G\u00e9n\u00e9rale des Entreprises du Maroc (CGEM) a re\u00e7u, le 25 janvier courant Ahmed Rahhou, Pr\u00e9sident du Conseil de la concurrence, en pr\u00e9sence des Pr\u00e9sidents des f\u00e9d\u00e9rations sectorielles et des repr\u00e9sentations r\u00e9gionales.\u00a0 Une rencontre qui s\u2019inscrit dans le cadre de la collaboration entre le Conseil de la concurrence et<\/div>\n<p>Auteur: challenge<br \/>\n<a href=\"https:\/\/www.challenge.ma\/maroc-la-cgem-a-recu-ahmed-rahhou-president-du-conseil-de-la-concurrence-231454\/\">Cliquez ici pour lire l&rsquo;article depuis sa source.<\/a><\/p>\n","protected":false},"excerpt":{"rendered":"<p>La Conf\u00e9d\u00e9ration G\u00e9n\u00e9rale des Entreprises du Maroc (CGEM) a re\u00e7u, le 25 janvier courant Ahmed Rahhou, Pr\u00e9sident du Conseil de la concurrence, en pr\u00e9sence des Pr\u00e9sidents des f\u00e9d\u00e9rations sectorielles et des repr\u00e9sentations r\u00e9gionales.\u00a0 Une rencontre qui s\u2019inscrit dans le cadre de la collaboration entre le Conseil de la concurrence et Auteur: challenge Cliquez ici pour [&hellip;]<\/p>\n","protected":false},"author":1787,"featured_media":0,"comment_status":"closed","ping_status":"closed","sticky":false,"template":"","format":"standard","meta":{"fifu_image_url":"https:\/\/www.challenge.ma\/wp-content\/uploads\/2022\/01\/Ahmed-Rahhou-President-du-Conseil-de-la-concurrence.jpg","fifu_image_alt":"Maroc. La CGEM a re\u00e7u Ahmed Rahhou, Pr\u00e9sident du Conseil de la concurrence","footnotes":""},"categories":[78,54],"tags":[],"class_list":["post-139483","post","type-post","status-publish","format-standard","hentry","category-economie","category-maroc"],"_links":{"self":[{"href":"https:\/\/linitiative.ca\/International\/wp-json\/wp\/v2\/posts\/139483","targetHints":{"allow":["GET"]}}],"collection":[{"href":"https:\/\/linitiative.ca\/International\/wp-json\/wp\/v2\/posts"}],"about":[{"href":"https:\/\/linitiative.ca\/International\/wp-json\/wp\/v2\/types\/post"}],"author":[{"embeddable":true,"href":"https:\/\/linitiative.ca\/International\/wp-json\/wp\/v2\/users\/1787"}],"replies":[{"embeddable":true,"href":"https:\/\/linitiative.ca\/International\/wp-json\/wp\/v2\/comments?post=139483"}],"version-history":[{"count":0,"href":"https:\/\/linitiative.ca\/International\/wp-json\/wp\/v2\/posts\/139483\/revisions"}],"wp:attachment":[{"href":"https:\/\/linitiative.ca\/International\/wp-json\/wp\/v2\/media?parent=139483"}],"wp:term":[{"taxonomy":"category","embeddable":true,"href":"https:\/\/linitiative.ca\/International\/wp-json\/wp\/v2\/categories?post=139483"},{"taxonomy":"post_tag","embeddable":true,"href":"https:\/\/linitiative.ca\/International\/wp-json\/wp\/v2\/tags?post=139483"}],"curies":[{"name":"wp","href":"https:\/\/api.w.org\/{rel}","templated":true}]}}