{"id":139485,"date":"2022-01-26T11:07:46","date_gmt":"2022-01-26T16:07:46","guid":{"rendered":"https:\/\/linitiative.ca\/International\/renault-group-maroc-miguel-oliver-boquera-prend-les-commandes-des-usines-de-tanger-et-de-la-somaca\/"},"modified":"2022-01-26T11:07:46","modified_gmt":"2022-01-26T16:07:46","slug":"renault-group-maroc-miguel-oliver-boquera-prend-les-commandes-des-usines-de-tanger-et-de-la-somaca","status":"publish","type":"post","link":"https:\/\/linitiative.ca\/International\/renault-group-maroc-miguel-oliver-boquera-prend-les-commandes-des-usines-de-tanger-et-de-la-somaca\/","title":{"rendered":"Renault Group Maroc. Miguel Oliver Boquera prend les commandes des usines de Tanger et de la Somaca"},"content":{"rendered":"<div><img decoding=\"async\" width=\"402\" height=\"259\" src=\"https:\/\/linitiative.ca\/International\/wp-content\/uploads\/sites\/23\/2022\/01\/Photo_Miguel-OLIVER-BOQUERA-539-x-548.jpg\" class=\"attachment-post-thumbnail size-post-thumbnail wp-post-image\" alt=\"\" loading=\"lazy\" srcset=\"https:\/\/linitiative.ca\/International\/wp-content\/uploads\/sites\/23\/2022\/01\/Photo_Miguel-OLIVER-BOQUERA-539-x-548.jpg 402w, https:\/\/www.challenge.ma\/wp-content\/uploads\/2022\/01\/Photo_Miguel-OLIVER-BOQUERA-539-x-548-300x193.jpg 300w, https:\/\/www.challenge.ma\/wp-content\/uploads\/2022\/01\/Photo_Miguel-OLIVER-BOQUERA-539-x-548-360x232.jpg 360w\" sizes=\"auto, (max-width: 402px) 100vw, 402px\" itemprop=\"image\">\u00c0 compter du 1er f\u00e9vrier 2022, Miguel Oliver Boquera est nomm\u00e9 Directeur g\u00e9n\u00e9ral de l\u2019usine de Tanger et de la Somaca. Il rapporte hi\u00e9rarchiquement \u00e0 Christophe Dridi, Directeur Industrie Global Access et Dacia &amp; Lada, et fonctionnellement \u00e0 Mohamed Bachiri, Directeur de Renault Group Maroc et Coordinateur du P\u00f4le industriel<\/div>\n<p>Auteur: challenge<br \/>\n<a href=\"https:\/\/www.challenge.ma\/renault-group-maroc-miguel-oliver-boquera-prend-les-commandes-des-usines-de-tanger-et-de-la-somaca-231471\/\">Cliquez ici pour lire l&rsquo;article depuis sa source.<\/a><\/p>\n","protected":false},"excerpt":{"rendered":"<p>\u00c0 compter du 1er f\u00e9vrier 2022, Miguel Oliver Boquera est nomm\u00e9 Directeur g\u00e9n\u00e9ral de l\u2019usine de Tanger et de la Somaca. Il rapporte hi\u00e9rarchiquement \u00e0 Christophe Dridi, Directeur Industrie Global Access et Dacia &amp; Lada, et fonctionnellement \u00e0 Mohamed Bachiri, Directeur de Renault Group Maroc et Coordinateur du P\u00f4le industriel Auteur: challenge Cliquez ici pour [&hellip;]<\/p>\n","protected":false},"author":1787,"featured_media":0,"comment_status":"closed","ping_status":"closed","sticky":false,"template":"","format":"standard","meta":{"fifu_image_url":"https:\/\/www.challenge.ma\/wp-content\/uploads\/2022\/01\/Photo_Miguel-OLIVER-BOQUERA-539-x-548.jpg","fifu_image_alt":"Renault Group Maroc. Miguel Oliver Boquera prend les commandes des usines de Tanger et de la Somaca","footnotes":""},"categories":[78,54],"tags":[],"class_list":["post-139485","post","type-post","status-publish","format-standard","hentry","category-economie","category-maroc"],"_links":{"self":[{"href":"https:\/\/linitiative.ca\/International\/wp-json\/wp\/v2\/posts\/139485","targetHints":{"allow":["GET"]}}],"collection":[{"href":"https:\/\/linitiative.ca\/International\/wp-json\/wp\/v2\/posts"}],"about":[{"href":"https:\/\/linitiative.ca\/International\/wp-json\/wp\/v2\/types\/post"}],"author":[{"embeddable":true,"href":"https:\/\/linitiative.ca\/International\/wp-json\/wp\/v2\/users\/1787"}],"replies":[{"embeddable":true,"href":"https:\/\/linitiative.ca\/International\/wp-json\/wp\/v2\/comments?post=139485"}],"version-history":[{"count":0,"href":"https:\/\/linitiative.ca\/International\/wp-json\/wp\/v2\/posts\/139485\/revisions"}],"wp:attachment":[{"href":"https:\/\/linitiative.ca\/International\/wp-json\/wp\/v2\/media?parent=139485"}],"wp:term":[{"taxonomy":"category","embeddable":true,"href":"https:\/\/linitiative.ca\/International\/wp-json\/wp\/v2\/categories?post=139485"},{"taxonomy":"post_tag","embeddable":true,"href":"https:\/\/linitiative.ca\/International\/wp-json\/wp\/v2\/tags?post=139485"}],"curies":[{"name":"wp","href":"https:\/\/api.w.org\/{rel}","templated":true}]}}