{"id":139489,"date":"2022-01-26T12:26:11","date_gmt":"2022-01-26T17:26:11","guid":{"rendered":"https:\/\/linitiative.ca\/International\/pourquoi-le-sahel-est-une-angoisse-par-jamal-berraoui\/"},"modified":"2022-01-26T12:26:11","modified_gmt":"2022-01-26T17:26:11","slug":"pourquoi-le-sahel-est-une-angoisse-par-jamal-berraoui","status":"publish","type":"post","link":"https:\/\/linitiative.ca\/International\/pourquoi-le-sahel-est-une-angoisse-par-jamal-berraoui\/","title":{"rendered":"Pourquoi le Sahel est une angoisse ? [Par Jamal Berraoui]"},"content":{"rendered":"<div><img decoding=\"async\" width=\"899\" height=\"563\" src=\"https:\/\/linitiative.ca\/International\/wp-content\/uploads\/sites\/23\/2022\/01\/Sahel-2.jpg\" class=\"attachment-post-thumbnail size-post-thumbnail wp-post-image\" alt=\"\" loading=\"lazy\" srcset=\"https:\/\/linitiative.ca\/International\/wp-content\/uploads\/sites\/23\/2022\/01\/Sahel-2.jpg 899w, https:\/\/www.challenge.ma\/wp-content\/uploads\/2022\/01\/Sahel-2-300x188.jpg 300w, https:\/\/www.challenge.ma\/wp-content\/uploads\/2022\/01\/Sahel-2-768x481.jpg 768w, https:\/\/www.challenge.ma\/wp-content\/uploads\/2022\/01\/Sahel-2-360x225.jpg 360w, https:\/\/www.challenge.ma\/wp-content\/uploads\/2022\/01\/Sahel-2-750x470.jpg 750w\" sizes=\"auto, (max-width: 899px) 100vw, 899px\" itemprop=\"image\">Seul le Pr\u00e9sident Fran\u00e7ais ne r\u00e9clame pas le retrait des troupes fran\u00e7aises de Barkhane et encore, il ne l\u2019exclue pas. L\u2019ensemble des forces politiques d\u00e9clare \u00abqu\u2019il faut savoir partir\u00bb. Ce n\u2019est pas uniquement l\u2019\u00e9chec de Paris. Mais, il faut rappeler que les services marocains ont tr\u00e8s t\u00f4t dit que la<\/div>\n<p>Auteur: challenge<br \/>\n<a href=\"https:\/\/www.challenge.ma\/pourquoi-le-sahel-est-une-angoisse-par-jamal-berraoui-231485\/\">Cliquez ici pour lire l&rsquo;article depuis sa source.<\/a><\/p>\n","protected":false},"excerpt":{"rendered":"<p>Seul le Pr\u00e9sident Fran\u00e7ais ne r\u00e9clame pas le retrait des troupes fran\u00e7aises de Barkhane et encore, il ne l\u2019exclue pas. L\u2019ensemble des forces politiques d\u00e9clare \u00abqu\u2019il faut savoir partir\u00bb. Ce n\u2019est pas uniquement l\u2019\u00e9chec de Paris. Mais, il faut rappeler que les services marocains ont tr\u00e8s t\u00f4t dit que la Auteur: challenge Cliquez ici pour [&hellip;]<\/p>\n","protected":false},"author":1787,"featured_media":0,"comment_status":"closed","ping_status":"closed","sticky":false,"template":"","format":"standard","meta":{"fifu_image_url":"https:\/\/www.challenge.ma\/wp-content\/uploads\/2022\/01\/Sahel-2.jpg","fifu_image_alt":"Pourquoi le Sahel est une angoisse ? [Par Jamal Berraoui]","footnotes":""},"categories":[78,54],"tags":[],"class_list":["post-139489","post","type-post","status-publish","format-standard","hentry","category-economie","category-maroc"],"_links":{"self":[{"href":"https:\/\/linitiative.ca\/International\/wp-json\/wp\/v2\/posts\/139489","targetHints":{"allow":["GET"]}}],"collection":[{"href":"https:\/\/linitiative.ca\/International\/wp-json\/wp\/v2\/posts"}],"about":[{"href":"https:\/\/linitiative.ca\/International\/wp-json\/wp\/v2\/types\/post"}],"author":[{"embeddable":true,"href":"https:\/\/linitiative.ca\/International\/wp-json\/wp\/v2\/users\/1787"}],"replies":[{"embeddable":true,"href":"https:\/\/linitiative.ca\/International\/wp-json\/wp\/v2\/comments?post=139489"}],"version-history":[{"count":0,"href":"https:\/\/linitiative.ca\/International\/wp-json\/wp\/v2\/posts\/139489\/revisions"}],"wp:attachment":[{"href":"https:\/\/linitiative.ca\/International\/wp-json\/wp\/v2\/media?parent=139489"}],"wp:term":[{"taxonomy":"category","embeddable":true,"href":"https:\/\/linitiative.ca\/International\/wp-json\/wp\/v2\/categories?post=139489"},{"taxonomy":"post_tag","embeddable":true,"href":"https:\/\/linitiative.ca\/International\/wp-json\/wp\/v2\/tags?post=139489"}],"curies":[{"name":"wp","href":"https:\/\/api.w.org\/{rel}","templated":true}]}}