{"id":139491,"date":"2022-01-26T13:02:03","date_gmt":"2022-01-26T18:02:03","guid":{"rendered":"https:\/\/linitiative.ca\/International\/chery-recoit-une-dizaine-de-prix-au-china-electric-vehicle-challenge\/"},"modified":"2022-01-26T13:02:03","modified_gmt":"2022-01-26T18:02:03","slug":"chery-recoit-une-dizaine-de-prix-au-china-electric-vehicle-challenge","status":"publish","type":"post","link":"https:\/\/linitiative.ca\/International\/chery-recoit-une-dizaine-de-prix-au-china-electric-vehicle-challenge\/","title":{"rendered":"Chery re\u00e7oit une dizaine de prix au \u00abChina Electric Vehicle Challenge\u00bb"},"content":{"rendered":"<div><img decoding=\"async\" width=\"584\" height=\"389\" src=\"https:\/\/linitiative.ca\/International\/wp-content\/uploads\/sites\/23\/2022\/01\/EQ5-on-the-race-course.jpg\" class=\"attachment-post-thumbnail size-post-thumbnail wp-post-image\" alt=\"\" loading=\"lazy\" srcset=\"https:\/\/linitiative.ca\/International\/wp-content\/uploads\/sites\/23\/2022\/01\/EQ5-on-the-race-course.jpg 584w, https:\/\/www.challenge.ma\/wp-content\/uploads\/2022\/01\/EQ5-on-the-race-course-300x200.jpg 300w, https:\/\/www.challenge.ma\/wp-content\/uploads\/2022\/01\/EQ5-on-the-race-course-360x240.jpg 360w\" sizes=\"auto, (max-width: 584px) 100vw, 584px\" itemprop=\"image\">C\u2019est \u00e0 l\u2019occasion du 8\u00e8me \u00abChina Qinghai Lake International Electric Vehicle Challenge\u00bb (CEVR) qui s\u2019est tenu r\u00e9cemment en Chine et qui a r\u00e9uni de nombreux constructeurs automobiles de renomm\u00e9e mondiale, que la marque automobile Chery a rafl\u00e9e de multiples distinctions.\u00a0 Dans le d\u00e9tail, la micro citadine \u00e9lectrique Chery EQ1 et<\/div>\n<p>Auteur: challenge<br \/>\n<a href=\"https:\/\/www.challenge.ma\/chery-recoit-une-dizaine-de-prix-au-china-electric-vehicle-challenge-231491\/\">Cliquez ici pour lire l&rsquo;article depuis sa source.<\/a><\/p>\n","protected":false},"excerpt":{"rendered":"<p>C\u2019est \u00e0 l\u2019occasion du 8\u00e8me \u00abChina Qinghai Lake International Electric Vehicle Challenge\u00bb (CEVR) qui s\u2019est tenu r\u00e9cemment en Chine et qui a r\u00e9uni de nombreux constructeurs automobiles de renomm\u00e9e mondiale, que la marque automobile Chery a rafl\u00e9e de multiples distinctions.\u00a0 Dans le d\u00e9tail, la micro citadine \u00e9lectrique Chery EQ1 et Auteur: challenge Cliquez ici pour [&hellip;]<\/p>\n","protected":false},"author":1787,"featured_media":0,"comment_status":"closed","ping_status":"closed","sticky":false,"template":"","format":"standard","meta":{"fifu_image_url":"https:\/\/www.challenge.ma\/wp-content\/uploads\/2022\/01\/EQ5-on-the-race-course.jpg","fifu_image_alt":"Chery re\u00e7oit une dizaine de prix au \u00abChina Electric Vehicle Challenge\u00bb","footnotes":""},"categories":[78,54],"tags":[],"class_list":["post-139491","post","type-post","status-publish","format-standard","hentry","category-economie","category-maroc"],"_links":{"self":[{"href":"https:\/\/linitiative.ca\/International\/wp-json\/wp\/v2\/posts\/139491","targetHints":{"allow":["GET"]}}],"collection":[{"href":"https:\/\/linitiative.ca\/International\/wp-json\/wp\/v2\/posts"}],"about":[{"href":"https:\/\/linitiative.ca\/International\/wp-json\/wp\/v2\/types\/post"}],"author":[{"embeddable":true,"href":"https:\/\/linitiative.ca\/International\/wp-json\/wp\/v2\/users\/1787"}],"replies":[{"embeddable":true,"href":"https:\/\/linitiative.ca\/International\/wp-json\/wp\/v2\/comments?post=139491"}],"version-history":[{"count":0,"href":"https:\/\/linitiative.ca\/International\/wp-json\/wp\/v2\/posts\/139491\/revisions"}],"wp:attachment":[{"href":"https:\/\/linitiative.ca\/International\/wp-json\/wp\/v2\/media?parent=139491"}],"wp:term":[{"taxonomy":"category","embeddable":true,"href":"https:\/\/linitiative.ca\/International\/wp-json\/wp\/v2\/categories?post=139491"},{"taxonomy":"post_tag","embeddable":true,"href":"https:\/\/linitiative.ca\/International\/wp-json\/wp\/v2\/tags?post=139491"}],"curies":[{"name":"wp","href":"https:\/\/api.w.org\/{rel}","templated":true}]}}