{"id":139500,"date":"2022-01-26T13:55:12","date_gmt":"2022-01-26T18:55:12","guid":{"rendered":"https:\/\/linitiative.ca\/International\/les-militaires-au-pouvoir-au-burkina-faso-les-urgences-nattendent-pas\/"},"modified":"2022-01-26T13:55:12","modified_gmt":"2022-01-26T18:55:12","slug":"les-militaires-au-pouvoir-au-burkina-faso-les-urgences-nattendent-pas","status":"publish","type":"post","link":"https:\/\/linitiative.ca\/International\/les-militaires-au-pouvoir-au-burkina-faso-les-urgences-nattendent-pas\/","title":{"rendered":"LES MILITAIRES AU POUVOIR AU BURKINA FASO : Les urgences n\u2019attendent pas"},"content":{"rendered":"<div>\n<p><img decoding=\"async\" width=\"425\" height=\"442\" src=\"https:\/\/linitiative.ca\/International\/wp-content\/uploads\/sites\/23\/2022\/01\/01-3-4-1.jpg\" class=\"attachment- size- wp-post-image\" alt=\"\" loading=\"lazy\" style=\"float:left; margin:0 15px 15px 0;\" srcset=\"https:\/\/linitiative.ca\/International\/wp-content\/uploads\/sites\/23\/2022\/01\/01-3-4-1.jpg 425w, https:\/\/lepays.bf\/wp-content\/uploads\/2022\/01\/01-3-4-288x300.jpg 288w\" sizes=\"auto, (max-width: 425px) 100vw, 425px\">\u00a0 96 heures apr\u00e8s l\u2019\u00e9viction de Roch Marc Christian Kabor\u00e9 (RMCK) du pouvoir par les militaires regroup\u00e9s au sein du Mouvement patriotique pour la sauvegarde et la restauration (MPSR) dirig\u00e9 par le lieutenant-colonel Sandaogo Paul Henri Damiba, la vie semble \u00e0 l\u2019arr\u00eat au Burkina Faso. Rien qu\u2019\u00e0 observer la circulation, l\u2019on ne sent pas la \u2026<\/p>\n<p>L\u2019article <a rel=\"nofollow\" href=\"https:\/\/lepays.bf\/les-militaires-au-pouvoir-au-burkina-faso-les-urgences-nattendent-pas\/\">LES MILITAIRES AU POUVOIR AU BURKINA FASO : Les urgences n\u2019attendent pas<\/a> est apparu en premier sur <a rel=\"nofollow\" href=\"https:\/\/lepays.bf\/\">Editions Le Pays<\/a>.<\/p>\n<\/div>\n<p>Auteur: Editions LEPAYS<br \/>\n<a href=\"https:\/\/lepays.bf\/les-militaires-au-pouvoir-au-burkina-faso-les-urgences-nattendent-pas\/\">Cliquez ici pour lire l&rsquo;article depuis sa source.<\/a><\/p>\n","protected":false},"excerpt":{"rendered":"<p>\u00a0 96 heures apr\u00e8s l\u2019\u00e9viction de Roch Marc Christian Kabor\u00e9 (RMCK) du pouvoir par les militaires regroup\u00e9s au sein du Mouvement patriotique pour la sauvegarde et la restauration (MPSR) dirig\u00e9 par le lieutenant-colonel Sandaogo Paul Henri Damiba, la vie semble \u00e0 l\u2019arr\u00eat au Burkina Faso. Rien qu\u2019\u00e0 observer la circulation, l\u2019on ne sent pas la [&hellip;]<\/p>\n","protected":false},"author":1813,"featured_media":0,"comment_status":"closed","ping_status":"closed","sticky":false,"template":"","format":"standard","meta":{"fifu_image_url":"https:\/\/lepays.bf\/wp-content\/uploads\/2022\/01\/01-3-4.jpg","fifu_image_alt":"LES MILITAIRES AU POUVOIR AU BURKINA FASO : Les urgences n\u2019attendent pas","footnotes":""},"categories":[73,81],"tags":[],"class_list":["post-139500","post","type-post","status-publish","format-standard","hentry","category-actualite","category-burkina-faso"],"_links":{"self":[{"href":"https:\/\/linitiative.ca\/International\/wp-json\/wp\/v2\/posts\/139500","targetHints":{"allow":["GET"]}}],"collection":[{"href":"https:\/\/linitiative.ca\/International\/wp-json\/wp\/v2\/posts"}],"about":[{"href":"https:\/\/linitiative.ca\/International\/wp-json\/wp\/v2\/types\/post"}],"author":[{"embeddable":true,"href":"https:\/\/linitiative.ca\/International\/wp-json\/wp\/v2\/users\/1813"}],"replies":[{"embeddable":true,"href":"https:\/\/linitiative.ca\/International\/wp-json\/wp\/v2\/comments?post=139500"}],"version-history":[{"count":0,"href":"https:\/\/linitiative.ca\/International\/wp-json\/wp\/v2\/posts\/139500\/revisions"}],"wp:attachment":[{"href":"https:\/\/linitiative.ca\/International\/wp-json\/wp\/v2\/media?parent=139500"}],"wp:term":[{"taxonomy":"category","embeddable":true,"href":"https:\/\/linitiative.ca\/International\/wp-json\/wp\/v2\/categories?post=139500"},{"taxonomy":"post_tag","embeddable":true,"href":"https:\/\/linitiative.ca\/International\/wp-json\/wp\/v2\/tags?post=139500"}],"curies":[{"name":"wp","href":"https:\/\/api.w.org\/{rel}","templated":true}]}}