{"id":139502,"date":"2022-01-26T14:10:43","date_gmt":"2022-01-26T19:10:43","guid":{"rendered":"https:\/\/linitiative.ca\/International\/offensive-diplomatique-de-bamako-en-direction-de-la-cedeao-et-de-ses-partenaires-europeens-quel-calendrier-bamako-proposera-t-elle-cette-fois\/"},"modified":"2022-01-26T14:10:43","modified_gmt":"2022-01-26T19:10:43","slug":"offensive-diplomatique-de-bamako-en-direction-de-la-cedeao-et-de-ses-partenaires-europeens-quel-calendrier-bamako-proposera-t-elle-cette-fois","status":"publish","type":"post","link":"https:\/\/linitiative.ca\/International\/offensive-diplomatique-de-bamako-en-direction-de-la-cedeao-et-de-ses-partenaires-europeens-quel-calendrier-bamako-proposera-t-elle-cette-fois\/","title":{"rendered":"OFFENSIVE DIPLOMATIQUE DE BAMAKO EN DIRECTION DE LA CEDEAO ET DE SES PARTENAIRES EUROPEENS: Quel calendrier Bamako proposera-t-elle cette fois\u00a0?  \u00a0"},"content":{"rendered":"<div>\n<p><img decoding=\"async\" width=\"960\" height=\"640\" src=\"https:\/\/linitiative.ca\/International\/wp-content\/uploads\/sites\/23\/2022\/01\/Assimi-et-CEDEAO.jpg\" class=\"attachment- size- wp-post-image\" alt=\"\" loading=\"lazy\" style=\"float:left; margin:0 15px 15px 0;\" srcset=\"https:\/\/linitiative.ca\/International\/wp-content\/uploads\/sites\/23\/2022\/01\/Assimi-et-CEDEAO.jpg 960w, https:\/\/lepays.bf\/wp-content\/uploads\/2022\/01\/Assimi-et-CEDEAO-300x200.jpg 300w, https:\/\/lepays.bf\/wp-content\/uploads\/2022\/01\/Assimi-et-CEDEAO-768x512.jpg 768w\" sizes=\"auto, (max-width: 960px) 100vw, 960px\">La junte militaire au pouvoir au Mali sous tr\u00e8s lourdes sanctions de la Communaut\u00e9 \u00e9conomique des Etats de l\u2019Afrique de l\u2019Ouest (CEDEAO) et quasiment au ban de la communaut\u00e9 internationale, lance une nouvelle offensive diplomatique pour desserrer l\u2019\u00e9tau autour d\u2019elle.\u00a0 Depuis le 26 janvier dernier, les tombeurs du d\u00e9sormais d\u00e9funt pr\u00e9sident, Ibrahim Boubacar Keita (IBK), \u2026<\/p>\n<p>L\u2019article <a rel=\"nofollow\" href=\"https:\/\/lepays.bf\/offensive-diplomatique-de-bamako-en-direction-de-la-cedeao-et-de-ses-partenaires-europeens-quel-calendrier-bamako-proposera-t-elle-cette-fois\/\">OFFENSIVE DIPLOMATIQUE DE BAMAKO EN DIRECTION DE LA CEDEAO ET DE SES PARTENAIRES EUROPEENS: Quel calendrier Bamako proposera-t-elle cette fois\u00a0?  \u00a0<\/a> est apparu en premier sur <a rel=\"nofollow\" href=\"https:\/\/lepays.bf\/\">Editions Le Pays<\/a>.<\/p>\n<\/div>\n<p>Auteur: Editions LEPAYS<br \/>\n<a href=\"https:\/\/lepays.bf\/offensive-diplomatique-de-bamako-en-direction-de-la-cedeao-et-de-ses-partenaires-europeens-quel-calendrier-bamako-proposera-t-elle-cette-fois\/\">Cliquez ici pour lire l&rsquo;article depuis sa source.<\/a><\/p>\n","protected":false},"excerpt":{"rendered":"<p>La junte militaire au pouvoir au Mali sous tr\u00e8s lourdes sanctions de la Communaut\u00e9 \u00e9conomique des Etats de l\u2019Afrique de l\u2019Ouest (CEDEAO) et quasiment au ban de la communaut\u00e9 internationale, lance une nouvelle offensive diplomatique pour desserrer l\u2019\u00e9tau autour d\u2019elle.\u00a0 Depuis le 26 janvier dernier, les tombeurs du d\u00e9sormais d\u00e9funt pr\u00e9sident, Ibrahim Boubacar Keita (IBK), [&hellip;]<\/p>\n","protected":false},"author":1813,"featured_media":0,"comment_status":"closed","ping_status":"closed","sticky":false,"template":"","format":"standard","meta":{"fifu_image_url":"https:\/\/lepays.bf\/wp-content\/uploads\/2022\/01\/Assimi-et-CEDEAO.jpg","fifu_image_alt":"OFFENSIVE DIPLOMATIQUE DE BAMAKO EN DIRECTION DE LA CEDEAO ET DE SES PARTENAIRES EUROPEENS: Quel calendrier Bamako proposera-t-elle cette fois\u00a0?  \u00a0","footnotes":""},"categories":[73,81],"tags":[],"class_list":["post-139502","post","type-post","status-publish","format-standard","hentry","category-actualite","category-burkina-faso"],"_links":{"self":[{"href":"https:\/\/linitiative.ca\/International\/wp-json\/wp\/v2\/posts\/139502","targetHints":{"allow":["GET"]}}],"collection":[{"href":"https:\/\/linitiative.ca\/International\/wp-json\/wp\/v2\/posts"}],"about":[{"href":"https:\/\/linitiative.ca\/International\/wp-json\/wp\/v2\/types\/post"}],"author":[{"embeddable":true,"href":"https:\/\/linitiative.ca\/International\/wp-json\/wp\/v2\/users\/1813"}],"replies":[{"embeddable":true,"href":"https:\/\/linitiative.ca\/International\/wp-json\/wp\/v2\/comments?post=139502"}],"version-history":[{"count":0,"href":"https:\/\/linitiative.ca\/International\/wp-json\/wp\/v2\/posts\/139502\/revisions"}],"wp:attachment":[{"href":"https:\/\/linitiative.ca\/International\/wp-json\/wp\/v2\/media?parent=139502"}],"wp:term":[{"taxonomy":"category","embeddable":true,"href":"https:\/\/linitiative.ca\/International\/wp-json\/wp\/v2\/categories?post=139502"},{"taxonomy":"post_tag","embeddable":true,"href":"https:\/\/linitiative.ca\/International\/wp-json\/wp\/v2\/tags?post=139502"}],"curies":[{"name":"wp","href":"https:\/\/api.w.org\/{rel}","templated":true}]}}