{"id":139507,"date":"2022-01-26T14:37:19","date_gmt":"2022-01-26T19:37:19","guid":{"rendered":"https:\/\/linitiative.ca\/International\/boureima-hassane-bande-attaquant-des-etalons-nous-avons-pour-obligation-de-mettre-de-la-joie-dans-le-coeur-des-burkinabe\/"},"modified":"2022-01-26T14:37:19","modified_gmt":"2022-01-26T19:37:19","slug":"boureima-hassane-bande-attaquant-des-etalons-nous-avons-pour-obligation-de-mettre-de-la-joie-dans-le-coeur-des-burkinabe","status":"publish","type":"post","link":"https:\/\/linitiative.ca\/International\/boureima-hassane-bande-attaquant-des-etalons-nous-avons-pour-obligation-de-mettre-de-la-joie-dans-le-coeur-des-burkinabe\/","title":{"rendered":"Boureima Hassane Band\u00e9 (Attaquant des Etalons) :  \u00ab Nous avons pour obligation de mettre  de la joie dans le c\u0153ur des Burkinab\u00e8  \u00bb"},"content":{"rendered":"<div>\n<p><strong>Ses blessures \u00e0 r\u00e9p\u00e9tition ont stopp\u00e9 le bon \u00e9lan qu\u2019il avait amorc\u00e9. Des situations qui ne l\u2019ont pas \u00e9branl\u00e9. Au contraire, elles ont forg\u00e9 le moral de Boureima Hassane Band\u00e9 qui est cr\u00e9dit\u00e9 de bonnes prestations \u00e0 la pr\u00e9sente CAN. Seul buteur lors de la victoire des Etalons face aux Requins bleus du Cap-Vert, l\u2019actuel soci\u00e9taire de la formation croate de NK Istra 1961 parle de la comp\u00e9tition et des Etalons. <\/strong><\/p>\n<p><strong>Avec un peu de recul, que retiens-tu de votre match face au Gabon? <\/strong><\/p>\n<p>Je retiens que le match a \u00e9t\u00e9 tr\u00e8s difficile avec beaucoup d\u2019\u00e9motions. Nous aurons d\u00fb tuer la rencontre bien avant les prolongations. A d\u00e9faut de pouvoir le faire, nous avons essay\u00e9 de g\u00e9rer le score face \u00e0 une \u00e9quipe qui joue \u00e0 dix. Et nous nous sommes fait surprendre. Mais, Dieu merci, l\u2019essentiel \u00e9tait la qualification et nous l\u2019avons obtenue.<\/p>\n<p><strong>Justement, qu\u2019est-ce qui vous a manqu\u00e9 pour faire le break avant les tirs au but ? <\/strong><\/p>\n<p>Je dirai simplement que c\u2019est la chance qui nous a manqu\u00e9. Aussi, le fait de nous faire surprendre \u00e0 la derni\u00e8re minute a \u00e9t\u00e9 un manque de concentration. Es-tu d\u2019avis avec ceux qui disent que le probl\u00e8me des Etalons \u00e0 cette CAN est l\u2019attaque qui n\u2019arrive pas \u00e0 mettre les occasions au fond? Non, je ne suis pas d\u2019avis, m\u00eame si je reconnais que nous pouvons faire mieux. Je ne suis pas d\u2019accord avec ceux qui le disent parce que nous arrivons \u00e0 scorer au moins \u00e0 chacune de nos sorties.<\/p>\n<p><strong>M\u00eame si je le r\u00e9p\u00e8te que nous devons mieux faire. Quel bilan tires-tu de votre parcours dans cette CAN jusque-l\u00e0 ? <\/strong><\/p>\n<p>Jusque l\u00e0, personnellement, je tire un bilan positif. Arriv\u00e9 en quart de finale d\u2019une aussi grande comp\u00e9tition avec une majorit\u00e9 de joueurs inexp\u00e9riment\u00e9s n\u2019\u00e9tait pas \u00e9vident. Vous n\u2019ignorez pas que plus de la moiti\u00e9 de l\u2019\u00e9quipe est \u00e0 sa premi\u00e8re Coupe d\u2019Afrique des nations.<\/p>\n<p><strong>Nous pouvons d\u00e9j\u00e0 \u00eatre fiers. Mais, nous ne voulons pas en rester l\u00e0. Nous voulons encore chercher loin. Qu\u2019est-ce qui a taraud\u00e9 dans ta t\u00eate apr\u00e8s ton but victorieux contre le Cap-Vert ? <\/strong><\/p>\n<p>J\u2019ai pens\u00e9 \u00e0 tout ce qui s\u2019est pass\u00e9 dans ma carri\u00e8re et \u00e0 tout ce qui s\u2019est dit autour. C\u2019est un r\u00eave qui est en train de se r\u00e9aliser. L\u2019\u00e9motion \u00e9tait tellement grandiose que je ne savais pas comment c\u00e9l\u00e9brer ce but.<\/p>\n<p><strong>Attendiez-vous \u00e0 atteindre les quarts de finale de cette CAN? <\/strong><\/p>\n<p>Affirmatif, nous nous y attendons. Nous savons que nous sommes une bonne \u00e9quipe. Nous sommes l\u00e0 avec un objectif et non pas seulement pour participer.<\/p>\n<p><strong>Quel est cet objectif ? <\/strong><\/p>\n<p>Aller le plus loin possible. Aller le plus loin possible passe par une victoire en quart de finale. Que faut-il pour battre la Tunisie ?<\/p>\n<p>Il n\u2019y a pas mille solutions pour battre la Tunisie. Nous devons tout simplement nous donner plus qu\u2019eux sur le terrain. C\u2019est ce que nous allons faire, car, le peuple continue de nous soutenir malgr\u00e9 l\u2019ins\u00e9curit\u00e9 qui s\u00e9vit dans le pays. Nous avons pour obligation de mettre de la joie dans le c\u0153ur de ce peuple. Pour cela, nous devons nous battre, tout donner pour gagner la Tunisie ou n\u2019importe quel pays pour rendre ce peuple fier. Nous lui demandons de rester toujours uni et de toujours nous apporter son soutien, car, cela nous rend encore plus forts. Nous allons tout donner pour lui faire plaisir. La patrie ou la mort, nous vaincrons.<\/p>\n<p style=\"text-align: right\"><strong> Entretien r\u00e9alis\u00e9 \u00e0 Yaound\u00e9 par <\/strong><\/p>\n<p style=\"text-align: right\"><strong>Yves OUEDRAOGO <\/strong><\/p>\n<p>L\u2019article <a rel=\"nofollow\" href=\"https:\/\/www.sidwaya.info\/blog\/2022\/01\/26\/boureima-hassane-bande-attaquant-des-etalons-nous-avons-pour-obligation-de-mettre-de-la-joie-dans-le-coeur-des-burkinabe\/\">Boureima Hassane Band\u00e9 (Attaquant des Etalons) :  \u00ab Nous avons pour obligation de mettre  de la joie dans le c\u0153ur des Burkinab\u00e8  \u00bb<\/a> est apparu en premier sur <a rel=\"nofollow\" href=\"https:\/\/www.sidwaya.info\/\">Quotidien Sidwaya<\/a>.<\/p>\n<\/div>\n<p>Auteur: JK. Sidwaya<br \/>\n<a href=\"https:\/\/www.sidwaya.info\/blog\/2022\/01\/26\/boureima-hassane-bande-attaquant-des-etalons-nous-avons-pour-obligation-de-mettre-de-la-joie-dans-le-coeur-des-burkinabe\/?utm_source=rss&#038;utm_medium=rss&#038;utm_campaign=boureima-hassane-bande-attaquant-des-etalons-nous-avons-pour-obligation-de-mettre-de-la-joie-dans-le-coeur-des-burkinabe\">Cliquez ici pour lire l&rsquo;article depuis sa source.<\/a><\/p>\n","protected":false},"excerpt":{"rendered":"<p>Ses blessures \u00e0 r\u00e9p\u00e9tition ont stopp\u00e9 le bon \u00e9lan qu\u2019il avait amorc\u00e9. Des situations qui ne l\u2019ont pas \u00e9branl\u00e9. Au contraire, elles ont forg\u00e9 le moral de Boureima Hassane Band\u00e9 qui est cr\u00e9dit\u00e9 de bonnes prestations \u00e0 la pr\u00e9sente CAN. Seul buteur lors de la victoire des Etalons face aux Requins bleus du Cap-Vert, l\u2019actuel [&hellip;]<\/p>\n","protected":false},"author":1816,"featured_media":0,"comment_status":"closed","ping_status":"closed","sticky":false,"template":"","format":"standard","meta":{"fifu_image_url":"","fifu_image_alt":"","footnotes":""},"categories":[73,81],"tags":[],"class_list":["post-139507","post","type-post","status-publish","format-standard","hentry","category-actualite","category-burkina-faso"],"_links":{"self":[{"href":"https:\/\/linitiative.ca\/International\/wp-json\/wp\/v2\/posts\/139507","targetHints":{"allow":["GET"]}}],"collection":[{"href":"https:\/\/linitiative.ca\/International\/wp-json\/wp\/v2\/posts"}],"about":[{"href":"https:\/\/linitiative.ca\/International\/wp-json\/wp\/v2\/types\/post"}],"author":[{"embeddable":true,"href":"https:\/\/linitiative.ca\/International\/wp-json\/wp\/v2\/users\/1816"}],"replies":[{"embeddable":true,"href":"https:\/\/linitiative.ca\/International\/wp-json\/wp\/v2\/comments?post=139507"}],"version-history":[{"count":0,"href":"https:\/\/linitiative.ca\/International\/wp-json\/wp\/v2\/posts\/139507\/revisions"}],"wp:attachment":[{"href":"https:\/\/linitiative.ca\/International\/wp-json\/wp\/v2\/media?parent=139507"}],"wp:term":[{"taxonomy":"category","embeddable":true,"href":"https:\/\/linitiative.ca\/International\/wp-json\/wp\/v2\/categories?post=139507"},{"taxonomy":"post_tag","embeddable":true,"href":"https:\/\/linitiative.ca\/International\/wp-json\/wp\/v2\/tags?post=139507"}],"curies":[{"name":"wp","href":"https:\/\/api.w.org\/{rel}","templated":true}]}}